{"id":197547,"date":"2021-08-25T08:36:14","date_gmt":"2021-08-25T12:36:14","guid":{"rendered":"https:\/\/elluchador.info\/web\/?p=197547"},"modified":"2021-08-25T08:36:16","modified_gmt":"2021-08-25T12:36:16","slug":"doce-muertos-por-explosion-en-interior-de-mina-de-carbon-en-centro-de-colombia","status":"publish","type":"post","link":"https:\/\/elluchador.info\/?p=197547","title":{"rendered":"Doce muertos por explosi\u00f3n en interior de mina de carb\u00f3n en centro de Colombia"},"content":{"rendered":"\n<p>Un total de 12 mineros muertos y uno herido dej\u00f3 hoy la explosi\u00f3n en el interior de una mina de carb\u00f3n, ubicada en una zona rural del municipio colombiano de T\u00f3paga (centro), donde al parecer se present\u00f3 una onda explosiva asociada a gas metano y posiblemente polvo de carb\u00f3n.<\/p>\n\n\n\n<p>Juan Miguel Dur\u00e1n, presidente de la estatal Agencia Nacional de Miner\u00eda (ANM), coment\u00f3 que una vez ocurri\u00f3 la emergencia personal de esa instituci\u00f3n, miembros de socorro de la Defensa Civil, la Polic\u00eda y la Cruz Roja, iniciaron las labores de rescate de los 13 mineros, uno de ellos result\u00f3 herido.<\/p>\n\n\n\n<p>\u00abEl equipo de salvamento trabaj\u00f3 en la instalaci\u00f3n de ventilaci\u00f3n para mejorar las condiciones atmosf\u00e9ricas y las tareas de b\u00fasqueda y rescate con apoyo de equipos respiratorios y equipos para suministrar ox\u00edgeno\u00bb, se\u00f1al\u00f3 el funcionario.<\/p>\n\n\n\n<p>Seg\u00fan la ANM, la mina donde ocurri\u00f3 la explosi\u00f3n \u00abten\u00eda medida de seguridad y prohibici\u00f3n de adelantar trabajos de explotaci\u00f3n\u00bb.<\/p>\n\n\n\n<p>\u00abLa ANM lamenta profundamente los hechos registrados en estas emergencias, adelanta las acciones correspondientes y hace un llamado a todos los mineros del pa\u00eds de acatar todos los protocolos de seguridad requeridos para que estos accidentes se puedan evitar\u00bb, dijo el ejecutivo de esa entidad.<\/p>\n\n\n\n<p>Durante este a\u00f1o se han presentado cuatro accidentes mineros en esa regi\u00f3n del pa\u00eds, donde han muerto m\u00e1s de 20 mineros.<\/p>\n\n\n\n<p><strong>Xinhua<\/strong><\/p>\n","protected":false},"excerpt":{"rendered":"<p>Un total de 12 mineros muertos y uno herido dej\u00f3 hoy la explosi\u00f3n en el interior de una mina de carb\u00f3n, ubicada en una zona rural del municipio colombiano de T\u00f3paga (centro), donde al parecer se present\u00f3 una onda explosiva asociada a gas metano y posiblemente polvo de carb\u00f3n. Juan Miguel Dur\u00e1n, presidente de la [&hellip;]<\/p>\n","protected":false},"author":2,"featured_media":197548,"comment_status":"closed","ping_status":"closed","sticky":false,"template":"","format":"standard","meta":{"footnotes":""},"categories":[8,13],"tags":[],"class_list":{"0":"post-197547","1":"post","2":"type-post","3":"status-publish","4":"format-standard","5":"has-post-thumbnail","7":"category-internacionales","8":"category-sucesos"},"_links":{"self":[{"href":"https:\/\/elluchador.info\/index.php?rest_route=\/wp\/v2\/posts\/197547","targetHints":{"allow":["GET"]}}],"collection":[{"href":"https:\/\/elluchador.info\/index.php?rest_route=\/wp\/v2\/posts"}],"about":[{"href":"https:\/\/elluchador.info\/index.php?rest_route=\/wp\/v2\/types\/post"}],"author":[{"embeddable":true,"href":"https:\/\/elluchador.info\/index.php?rest_route=\/wp\/v2\/users\/2"}],"replies":[{"embeddable":true,"href":"https:\/\/elluchador.info\/index.php?rest_route=%2Fwp%2Fv2%2Fcomments&post=197547"}],"version-history":[{"count":1,"href":"https:\/\/elluchador.info\/index.php?rest_route=\/wp\/v2\/posts\/197547\/revisions"}],"predecessor-version":[{"id":197549,"href":"https:\/\/elluchador.info\/index.php?rest_route=\/wp\/v2\/posts\/197547\/revisions\/197549"}],"wp:featuredmedia":[{"embeddable":true,"href":"https:\/\/elluchador.info\/index.php?rest_route=\/wp\/v2\/media\/197548"}],"wp:attachment":[{"href":"https:\/\/elluchador.info\/index.php?rest_route=%2Fwp%2Fv2%2Fmedia&parent=197547"}],"wp:term":[{"taxonomy":"category","embeddable":true,"href":"https:\/\/elluchador.info\/index.php?rest_route=%2Fwp%2Fv2%2Fcategories&post=197547"},{"taxonomy":"post_tag","embeddable":true,"href":"https:\/\/elluchador.info\/index.php?rest_route=%2Fwp%2Fv2%2Ftags&post=197547"}],"curies":[{"name":"wp","href":"https:\/\/api.w.org\/{rel}","templated":true}]}}