{"id":197550,"date":"2021-08-25T09:10:08","date_gmt":"2021-08-25T13:10:08","guid":{"rendered":"https:\/\/elluchador.info\/web\/?p=197550"},"modified":"2021-08-25T09:10:11","modified_gmt":"2021-08-25T13:10:11","slug":"yulimar-rojas-hara-el-saque-de-honor-del-fc-barcelona-getafe","status":"publish","type":"post","link":"https:\/\/elluchador.info\/?p=197550","title":{"rendered":"Yulimar Rojas har\u00e1 el saque de honor del FC Barcelona &#8211; Getafe"},"content":{"rendered":"\n<p>Momento ol\u00edmpico el que vivir\u00e1 el Camp Nou\u00a0<strong>en la previa del FC Barcelona &#8211; Getafe<\/strong>\u00a0del pr\u00f3ximo domingo 29 de agosto. Y es que, justo antes del pitido inicial de las 17 horas, la atleta venezolana del FC Barcelona\u00a0<strong>Yulimar Rojas<\/strong>\u00a0har\u00e1 el saque de honor.<\/p>\n\n\n\n<p>Rojas, icono actual del deporte mundial,&nbsp;<a href=\"https:\/\/www.fcbarcelona.es\/es\/club\/noticias\/2203612\/yulimar-rojas-hace-historia-en-tokyo-oro-y-record-mundial\" target=\"_blank\" rel=\"noreferrer noopener\"><strong>se proclam\u00f3 campeona ol\u00edmpica en la modalidad de atletismo de triple salto<\/strong>&nbsp;en los pasados Juegos Ol\u00edmpicos de Tokio<\/a>&nbsp;y se convirti\u00f3, as\u00ed, en la&nbsp;<strong>primera deportista del Club en ganar un oro ol\u00edmpico<\/strong>.<\/p>\n\n\n\n<p>Adem\u00e1s, lo hizo estableciendo\u00a0<strong>un nuevo r\u00e9cord del mundo<\/strong>, con una marca de 15,67 metros, 17 cent\u00edmetros m\u00e1s que el anterior.<\/p>\n\n\n\n<figure class=\"wp-block-embed is-type-rich is-provider-twitter wp-block-embed-twitter\"><div class=\"wp-block-embed__wrapper\">\n<blockquote class=\"twitter-tweet\" data-width=\"550\" data-dnt=\"true\"><p lang=\"es\" dir=\"ltr\">\ud83e\udd47 La campeona ol\u00edmpica y atleta del Bar\u00e7a Yulimar Rojas har\u00e1 el saque de honor del <a href=\"https:\/\/twitter.com\/hashtag\/Bar%C3%A7aGetafe?src=hash&amp;ref_src=twsrc%5Etfw\">#Bar\u00e7aGetafe<\/a><br><br>\u00a1Te esperamos en el Camp Nou, <a href=\"https:\/\/twitter.com\/TeamRojas45?ref_src=twsrc%5Etfw\">@TeamRojas45<\/a>! \ud83d\ude4c<\/p>&mdash; FC Barcelona (@FCBarcelona_es) <a href=\"https:\/\/twitter.com\/FCBarcelona_es\/status\/1430474065748365314?ref_src=twsrc%5Etfw\">August 25, 2021<\/a><\/blockquote><script async src=\"https:\/\/platform.twitter.com\/widgets.js\" charset=\"utf-8\"><\/script>\n<\/div><\/figure>\n\n\n\n<p>Hay que recordar que la atleta azulgrana envi\u00f3 un v\u00eddeo desde la Villa Ol\u00edmpica de Tokio para mostrar su alegr\u00eda tras la medalla de oro: \u00abLa regalo a todos los cul\u00e9s, porque me hace muy feliz pertenecer al FC Barcelona<\/p>\n\n\n\n<figure class=\"wp-block-embed is-type-rich is-provider-twitter wp-block-embed-twitter\"><div class=\"wp-block-embed__wrapper\">\n<blockquote class=\"twitter-tweet\" data-width=\"550\" data-dnt=\"true\"><p lang=\"es\" dir=\"ltr\">\u275d Le regalo esta medalla de oro a todos los Culers \u275e<br>\ud83e\udd47 <a href=\"https:\/\/twitter.com\/TeamRojas45?ref_src=twsrc%5Etfw\">@TeamRojas45<\/a><br>\ud83d\udc99 <a href=\"https:\/\/twitter.com\/hashtag\/M%C3%A9sQueUnClub?src=hash&amp;ref_src=twsrc%5Etfw\">#M\u00e9sQueUnClub<\/a> \u2764\ufe0f <a href=\"https:\/\/t.co\/xCQwjs3i1Y\">pic.twitter.com\/xCQwjs3i1Y<\/a><\/p>&mdash; FC Barcelona (@FCBarcelona_es) <a href=\"https:\/\/twitter.com\/FCBarcelona_es\/status\/1422871223135051782?ref_src=twsrc%5Etfw\">August 4, 2021<\/a><\/blockquote><script async src=\"https:\/\/platform.twitter.com\/widgets.js\" charset=\"utf-8\"><\/script>\n<\/div><\/figure>\n\n\n\n<p>Rojas\u00a0<strong>es atleta del Club desde el 2016<\/strong>\u00a0y lleg\u00f3 tras colgarse la medalla de plata en los Juegos Ol\u00edmpicos de R\u00edo. La venezolana compite vestida de azulgrana en las competiciones estatales y, en 2017, fue clave en la conquista de la Copa de la Reina en pista cubierta que el Bar\u00e7a conquist\u00f3 en Madrid, poniendo fin a 18 a\u00f1os de reinado del Valencia, que hab\u00eda ganado 18 t\u00edtulos consecutivos.<\/p>\n\n\n\n<h2 class=\"wp-block-heading\">13 medallas ol\u00edmpicas en Tokio<\/h2>\n\n\n\n<p><a href=\"https:\/\/www.fcbarcelona.es\/es\/club\/noticias\/2210590\/las-medallas-azulgranas-en-los-juegos-olimpicos-de-tokio\" target=\"_blank\" rel=\"noreferrer noopener\">El oro de Yulimar Rojas fue el m\u00e1ximo \u00e9xito individual de un deportista azulgrana en Tokio. El resto de medallas, hasta 12, llegaron en deportes de equipo<\/a>: las platas de&nbsp;<strong>Fridolina Rolf\u00f6<\/strong>, con la selecci\u00f3n sueca de f\u00fatbol, y de&nbsp;<strong>Pedri, Mingueza y Eric Garcia<\/strong>, con la Espa\u00f1a ol\u00edmpica de f\u00fatbol, as\u00ed como los bronces de&nbsp;<strong>P\u00e9rez de Vargas, Aleix G\u00f3mez, Entrerr\u00edos y \u00c1ngel Fern\u00e1ndez<\/strong>, con la selecci\u00f3n espa\u00f1ola de balonmano, y los oros de&nbsp;<strong>Dika Mem, Ludovic F\u00e0bregas, N&#8217;Guessan y Melvyn Richardson<\/strong>, con el balonmano franc\u00e9s.<\/p>\n\n\n\n<p>Pero podr\u00edan no ser las \u00faltimas ya que, actualmente, y tambi\u00e9n en Tokio, se est\u00e1n disputando los Juegos Paral\u00edmpicos, cita que se celebra hasta el 5 de septiembre. All\u00ed tambi\u00e9n hay representaci\u00f3n azulgrana. Se trata de\u00a0<strong>Xavi Porras<\/strong>, en la prueba de salto de longitud, de\u00a0<strong>Guillermo Rojo<\/strong>, como gu\u00eda en la prueba de los 400m, y de\u00a0<strong>\u00d3scar Trigo<\/strong>, seleccionador del combinado espa\u00f1ol de baloncesto en silla de ruedas.<\/p>\n\n\n\n<p><strong>FCBarcelona<\/strong>.<strong>es<\/strong><\/p>\n","protected":false},"excerpt":{"rendered":"<p>Momento ol\u00edmpico el que vivir\u00e1 el Camp Nou\u00a0en la previa del FC Barcelona &#8211; Getafe\u00a0del pr\u00f3ximo domingo 29 de agosto. Y es que, justo antes del pitido inicial de las 17 horas, la atleta venezolana del FC Barcelona\u00a0Yulimar Rojas\u00a0har\u00e1 el saque de honor. Rojas, icono actual del deporte mundial,&nbsp;se proclam\u00f3 campeona ol\u00edmpica en la modalidad [&hellip;]<\/p>\n","protected":false},"author":2,"featured_media":197551,"comment_status":"closed","ping_status":"closed","sticky":false,"template":"","format":"standard","meta":{"footnotes":""},"categories":[4,5],"tags":[],"class_list":{"0":"post-197550","1":"post","2":"type-post","3":"status-publish","4":"format-standard","5":"has-post-thumbnail","7":"category-deportes","8":"category-destacado"},"_links":{"self":[{"href":"https:\/\/elluchador.info\/index.php?rest_route=\/wp\/v2\/posts\/197550","targetHints":{"allow":["GET"]}}],"collection":[{"href":"https:\/\/elluchador.info\/index.php?rest_route=\/wp\/v2\/posts"}],"about":[{"href":"https:\/\/elluchador.info\/index.php?rest_route=\/wp\/v2\/types\/post"}],"author":[{"embeddable":true,"href":"https:\/\/elluchador.info\/index.php?rest_route=\/wp\/v2\/users\/2"}],"replies":[{"embeddable":true,"href":"https:\/\/elluchador.info\/index.php?rest_route=%2Fwp%2Fv2%2Fcomments&post=197550"}],"version-history":[{"count":1,"href":"https:\/\/elluchador.info\/index.php?rest_route=\/wp\/v2\/posts\/197550\/revisions"}],"predecessor-version":[{"id":197552,"href":"https:\/\/elluchador.info\/index.php?rest_route=\/wp\/v2\/posts\/197550\/revisions\/197552"}],"wp:featuredmedia":[{"embeddable":true,"href":"https:\/\/elluchador.info\/index.php?rest_route=\/wp\/v2\/media\/197551"}],"wp:attachment":[{"href":"https:\/\/elluchador.info\/index.php?rest_route=%2Fwp%2Fv2%2Fmedia&parent=197550"}],"wp:term":[{"taxonomy":"category","embeddable":true,"href":"https:\/\/elluchador.info\/index.php?rest_route=%2Fwp%2Fv2%2Fcategories&post=197550"},{"taxonomy":"post_tag","embeddable":true,"href":"https:\/\/elluchador.info\/index.php?rest_route=%2Fwp%2Fv2%2Ftags&post=197550"}],"curies":[{"name":"wp","href":"https:\/\/api.w.org\/{rel}","templated":true}]}}