{"id":197572,"date":"2021-08-25T14:11:48","date_gmt":"2021-08-25T18:11:48","guid":{"rendered":"https:\/\/elluchador.info\/web\/?p=197572"},"modified":"2021-08-25T14:11:49","modified_gmt":"2021-08-25T18:11:49","slug":"sector-las-guarataras-recibio-alumbrado-publico-a-traves-de-la-gestion-municipal","status":"publish","type":"post","link":"https:\/\/elluchador.info\/?p=197572","title":{"rendered":"Sector Las Guarataras recibi\u00f3 alumbrado p\u00fablico a trav\u00e9s de la gesti\u00f3n municipal"},"content":{"rendered":"\n<p>Los habitantes del sector Las Guarataras, recibieron con j\u00fabilo el alumbrado p\u00fablico enviado por la alcaldesa Yulisbeth Garc\u00eda, en este sentido, Joan Guadelis, quien es jefe del CLAP expres\u00f3, \u201cagradecemos a la alcaldesa esta iniciativa, es importante mencionar que en los pr\u00f3ximos d\u00edas se estar\u00e1 realizando una jornada de limpieza en toda la comunidad y estaremos contando con el apoyo de Fundaci\u00f3n Yocoima y Servicios Generales de la Gobernaci\u00f3n\u201d.<\/p>\n\n\n\n<p>Los habitantes tambi\u00e9n agradecieron a la autoridad local, por darles dicho beneficio, de esta forma, las l\u00e1mparas fueron colocadas por miembros del CLAP de la comunidad, en una acci\u00f3n articulada Gobierno-Pueblo Organizado.<\/p>\n\n\n\n<p>Para las familias de esa zona, esta iniciativa tomada de alumbrar la comunidad, es otra \u201cGota de Amor\u201d, enviada por la alcaldesa, los cuales a su vez recordaron, que la \u201cTata\u201d, les brind\u00f3 el apoyo para la colocaci\u00f3n de 300 metros de red para agua potable en la calle R\u00f3mulo Gallegos, as\u00ed como la reparaci\u00f3n en la red de cloacas de las calles Tiuna y Tamanaco.<\/p>\n\n\n\n<p>Asimismo, anunciaron que, junto al consejo comunal, esperan iniciar en los pr\u00f3ximos d\u00edas, una masiva jornada de limpieza en las vialidades de la comunidad.<\/p>\n\n\n\n<p>Upata<\/p>\n","protected":false},"excerpt":{"rendered":"<p>Los habitantes del sector Las Guarataras, recibieron con j\u00fabilo el alumbrado p\u00fablico enviado por la alcaldesa Yulisbeth Garc\u00eda, en este sentido, Joan Guadelis, quien es jefe del CLAP expres\u00f3, \u201cagradecemos a la alcaldesa esta iniciativa, es importante mencionar que en los pr\u00f3ximos d\u00edas se estar\u00e1 realizando una jornada de limpieza en toda la comunidad y [&hellip;]<\/p>\n","protected":false},"author":2,"featured_media":197573,"comment_status":"closed","ping_status":"closed","sticky":false,"template":"","format":"standard","meta":{"footnotes":""},"categories":[5,12],"tags":[],"class_list":{"0":"post-197572","1":"post","2":"type-post","3":"status-publish","4":"format-standard","5":"has-post-thumbnail","7":"category-destacado","8":"category-regionales"},"_links":{"self":[{"href":"https:\/\/elluchador.info\/index.php?rest_route=\/wp\/v2\/posts\/197572","targetHints":{"allow":["GET"]}}],"collection":[{"href":"https:\/\/elluchador.info\/index.php?rest_route=\/wp\/v2\/posts"}],"about":[{"href":"https:\/\/elluchador.info\/index.php?rest_route=\/wp\/v2\/types\/post"}],"author":[{"embeddable":true,"href":"https:\/\/elluchador.info\/index.php?rest_route=\/wp\/v2\/users\/2"}],"replies":[{"embeddable":true,"href":"https:\/\/elluchador.info\/index.php?rest_route=%2Fwp%2Fv2%2Fcomments&post=197572"}],"version-history":[{"count":1,"href":"https:\/\/elluchador.info\/index.php?rest_route=\/wp\/v2\/posts\/197572\/revisions"}],"predecessor-version":[{"id":197574,"href":"https:\/\/elluchador.info\/index.php?rest_route=\/wp\/v2\/posts\/197572\/revisions\/197574"}],"wp:featuredmedia":[{"embeddable":true,"href":"https:\/\/elluchador.info\/index.php?rest_route=\/wp\/v2\/media\/197573"}],"wp:attachment":[{"href":"https:\/\/elluchador.info\/index.php?rest_route=%2Fwp%2Fv2%2Fmedia&parent=197572"}],"wp:term":[{"taxonomy":"category","embeddable":true,"href":"https:\/\/elluchador.info\/index.php?rest_route=%2Fwp%2Fv2%2Fcategories&post=197572"},{"taxonomy":"post_tag","embeddable":true,"href":"https:\/\/elluchador.info\/index.php?rest_route=%2Fwp%2Fv2%2Ftags&post=197572"}],"curies":[{"name":"wp","href":"https:\/\/api.w.org\/{rel}","templated":true}]}}