{"id":197586,"date":"2021-08-26T08:59:50","date_gmt":"2021-08-26T12:59:50","guid":{"rendered":"https:\/\/elluchador.info\/web\/?p=197586"},"modified":"2021-08-26T08:59:52","modified_gmt":"2021-08-26T12:59:52","slug":"clara-fuentes-logra-la-primera-medalla-para-venezuela-en-los-juegos-paralimpicos","status":"publish","type":"post","link":"https:\/\/elluchador.info\/?p=197586","title":{"rendered":"Clara Fuentes logra la primera medalla para Venezuela en los Juegos Paral\u00edmpicos"},"content":{"rendered":"\n<p>Venezuela sum\u00f3 su primera medalla en los Juegos Paral\u00edmpicos este jueves gracias a Clara Fuentes quien qued\u00f3 en el tercer lugar en la categor\u00eda 41 kilogramos del levantamiento de pesas.<\/p>\n\n\n\n<p>La criolla cosech\u00f3 una marga de 97 kilogramos para colgarse la presea de bronce en su primera participaci\u00f3n en el magno evento del deporte universal.<\/p>\n\n\n\n<figure class=\"wp-block-embed is-type-rich is-provider-twitter wp-block-embed-twitter\"><div class=\"wp-block-embed__wrapper\">\n<blockquote class=\"twitter-tweet\" data-width=\"550\" data-dnt=\"true\"><p lang=\"es\" dir=\"ltr\">Clara Fuentes le da a Venezuela la primera medalla \ud83e\udd49 <br> <a href=\"https:\/\/twitter.com\/hashtag\/VEN?src=hash&amp;ref_src=twsrc%5Etfw\">#VEN<\/a>\u00a0 !!! Clara Sarahy FUENTES ends up at 3rd on women&#39;s up to 49 kg! <a href=\"https:\/\/twitter.com\/hashtag\/BRONZE?src=hash&amp;ref_src=twsrc%5Etfw\">#BRONZE<\/a>\u00a0 Bravo Venezuela! \ud83d\udc4f <a href=\"https:\/\/t.co\/lVzvPlBS86\">pic.twitter.com\/lVzvPlBS86<\/a><\/p>&mdash; Venezuela Olimpica (@VenOlimpica) <a href=\"https:\/\/twitter.com\/VenOlimpica\/status\/1430759200523685891?ref_src=twsrc%5Etfw\">August 26, 2021<\/a><\/blockquote><script async src=\"https:\/\/platform.twitter.com\/widgets.js\" charset=\"utf-8\"><\/script>\n<\/div><\/figure>\n\n\n\n<p><strong>WTC Radio<\/strong><\/p>\n","protected":false},"excerpt":{"rendered":"<p>Venezuela sum\u00f3 su primera medalla en los Juegos Paral\u00edmpicos este jueves gracias a Clara Fuentes quien qued\u00f3 en el tercer lugar en la categor\u00eda 41 kilogramos del levantamiento de pesas. La criolla cosech\u00f3 una marga de 97 kilogramos para colgarse la presea de bronce en su primera participaci\u00f3n en el magno evento del deporte universal. [&hellip;]<\/p>\n","protected":false},"author":2,"featured_media":197587,"comment_status":"closed","ping_status":"closed","sticky":false,"template":"","format":"standard","meta":{"footnotes":""},"categories":[4,5],"tags":[],"class_list":{"0":"post-197586","1":"post","2":"type-post","3":"status-publish","4":"format-standard","5":"has-post-thumbnail","7":"category-deportes","8":"category-destacado"},"_links":{"self":[{"href":"https:\/\/elluchador.info\/index.php?rest_route=\/wp\/v2\/posts\/197586","targetHints":{"allow":["GET"]}}],"collection":[{"href":"https:\/\/elluchador.info\/index.php?rest_route=\/wp\/v2\/posts"}],"about":[{"href":"https:\/\/elluchador.info\/index.php?rest_route=\/wp\/v2\/types\/post"}],"author":[{"embeddable":true,"href":"https:\/\/elluchador.info\/index.php?rest_route=\/wp\/v2\/users\/2"}],"replies":[{"embeddable":true,"href":"https:\/\/elluchador.info\/index.php?rest_route=%2Fwp%2Fv2%2Fcomments&post=197586"}],"version-history":[{"count":1,"href":"https:\/\/elluchador.info\/index.php?rest_route=\/wp\/v2\/posts\/197586\/revisions"}],"predecessor-version":[{"id":197588,"href":"https:\/\/elluchador.info\/index.php?rest_route=\/wp\/v2\/posts\/197586\/revisions\/197588"}],"wp:featuredmedia":[{"embeddable":true,"href":"https:\/\/elluchador.info\/index.php?rest_route=\/wp\/v2\/media\/197587"}],"wp:attachment":[{"href":"https:\/\/elluchador.info\/index.php?rest_route=%2Fwp%2Fv2%2Fmedia&parent=197586"}],"wp:term":[{"taxonomy":"category","embeddable":true,"href":"https:\/\/elluchador.info\/index.php?rest_route=%2Fwp%2Fv2%2Fcategories&post=197586"},{"taxonomy":"post_tag","embeddable":true,"href":"https:\/\/elluchador.info\/index.php?rest_route=%2Fwp%2Fv2%2Ftags&post=197586"}],"curies":[{"name":"wp","href":"https:\/\/api.w.org\/{rel}","templated":true}]}}