{"id":197592,"date":"2021-08-26T09:22:43","date_gmt":"2021-08-26T13:22:43","guid":{"rendered":"https:\/\/elluchador.info\/web\/?p=197592"},"modified":"2021-08-26T09:23:23","modified_gmt":"2021-08-26T13:23:23","slug":"refineria-el-palito-esta-proxima-a-arrancar-y-ayudara-a-cubrir-demanda-de-gasolina","status":"publish","type":"post","link":"https:\/\/elluchador.info\/?p=197592","title":{"rendered":"Refiner\u00eda El Palito est\u00e1 pr\u00f3xima a arrancar y ayudar\u00e1 a cubrir demanda de gasolina"},"content":{"rendered":"\n<p>El presidente de la C\u00e1mara Petrolera de Venezuela, Reinaldo Quintero, afirm\u00f3 que la Refiner\u00eda El Palito, ubicada en Carabobo, \u00abest\u00e1 cercana a arrancar\u00bb. La misma, ayudar\u00eda a cubrir la demanda de gasolina en el mercado nacional.<\/p>\n\n\n\n<p>\u00abEl Palito ya est\u00e1 cercana a arrancar, algo muy importante\u00bb, sostuvo Quintero, quien detall\u00f3 que \u00abestamos refinando algo entre 60 y 80.000 barriles y necesitamos esa capacidad para cubrir los 120 o 140.000 barriles al d\u00eda que requiere el mercado nacional nada m\u00e1s en gasolina\u00bb.<\/p>\n\n\n\n<p>A su juicio, es necesario \u00abtener cuidado cuando se ofrecen compromisos en el tiempo, se est\u00e1 haciendo un trabajo muy duro tratando de estabilizar la capacidad de refinaci\u00f3n del pa\u00eds\u00bb.<\/p>\n\n\n\n<p>Considera que es muy sensato que el manejo de los recursos se est\u00e9 destinando nuevamente a la industria petrolera.<\/p>\n\n\n\n<p>Adem\u00e1s, cree que de esa manera se van logrando mejoras en la producci\u00f3n de manera paulatina. \u00abY ahora al activar El Palito se podr\u00eda cubrir la demanda local de combustible\u00bb.<\/p>\n\n\n\n<p><em>Con informaci\u00f3n de&nbsp;<strong>Uni\u00f3n Radio<\/strong><\/em><\/p>\n","protected":false},"excerpt":{"rendered":"<p>El presidente de la C\u00e1mara Petrolera de Venezuela, Reinaldo Quintero, afirm\u00f3 que la Refiner\u00eda El Palito, ubicada en Carabobo, \u00abest\u00e1 cercana a arrancar\u00bb. La misma, ayudar\u00eda a cubrir la demanda de gasolina en el mercado nacional. \u00abEl Palito ya est\u00e1 cercana a arrancar, algo muy importante\u00bb, sostuvo Quintero, quien detall\u00f3 que \u00abestamos refinando algo entre [&hellip;]<\/p>\n","protected":false},"author":2,"featured_media":197593,"comment_status":"closed","ping_status":"closed","sticky":false,"template":"","format":"standard","meta":{"footnotes":""},"categories":[9],"tags":[],"class_list":{"0":"post-197592","1":"post","2":"type-post","3":"status-publish","4":"format-standard","5":"has-post-thumbnail","7":"category-nacionales"},"_links":{"self":[{"href":"https:\/\/elluchador.info\/index.php?rest_route=\/wp\/v2\/posts\/197592","targetHints":{"allow":["GET"]}}],"collection":[{"href":"https:\/\/elluchador.info\/index.php?rest_route=\/wp\/v2\/posts"}],"about":[{"href":"https:\/\/elluchador.info\/index.php?rest_route=\/wp\/v2\/types\/post"}],"author":[{"embeddable":true,"href":"https:\/\/elluchador.info\/index.php?rest_route=\/wp\/v2\/users\/2"}],"replies":[{"embeddable":true,"href":"https:\/\/elluchador.info\/index.php?rest_route=%2Fwp%2Fv2%2Fcomments&post=197592"}],"version-history":[{"count":1,"href":"https:\/\/elluchador.info\/index.php?rest_route=\/wp\/v2\/posts\/197592\/revisions"}],"predecessor-version":[{"id":197594,"href":"https:\/\/elluchador.info\/index.php?rest_route=\/wp\/v2\/posts\/197592\/revisions\/197594"}],"wp:featuredmedia":[{"embeddable":true,"href":"https:\/\/elluchador.info\/index.php?rest_route=\/wp\/v2\/media\/197593"}],"wp:attachment":[{"href":"https:\/\/elluchador.info\/index.php?rest_route=%2Fwp%2Fv2%2Fmedia&parent=197592"}],"wp:term":[{"taxonomy":"category","embeddable":true,"href":"https:\/\/elluchador.info\/index.php?rest_route=%2Fwp%2Fv2%2Fcategories&post=197592"},{"taxonomy":"post_tag","embeddable":true,"href":"https:\/\/elluchador.info\/index.php?rest_route=%2Fwp%2Fv2%2Ftags&post=197592"}],"curies":[{"name":"wp","href":"https:\/\/api.w.org\/{rel}","templated":true}]}}