{"id":197605,"date":"2021-08-26T09:57:54","date_gmt":"2021-08-26T13:57:54","guid":{"rendered":"https:\/\/elluchador.info\/web\/?p=197605"},"modified":"2021-08-26T09:57:55","modified_gmt":"2021-08-26T13:57:55","slug":"exitoso-i-congreso-bicentenario-virtual-prevencion-del-delito-2021","status":"publish","type":"post","link":"https:\/\/elluchador.info\/?p=197605","title":{"rendered":"Exitoso I Congreso Bicentenario Virtual Prevenci\u00f3n del Delito 2021"},"content":{"rendered":"\n<p>Culmin\u00f3 con \u00e9xito el I Congreso Virtual Bicentenario Batalla de Carabobo de Prevenci\u00f3n del Delito 2021 \u00abUso del Internet y Abuso Infantil\u00bb a fin de promover el conocimiento y la investigaci\u00f3n con relaci\u00f3n a las pol\u00edticas p\u00fablicas en materia de prevenci\u00f3n del delito, inform\u00f3 el coordinador regional del Frente Preventivo, director de Prevenci\u00f3n del Delito, Hugo P\u00e9rez.<\/p>\n\n\n\n<p>P\u00e9rez explic\u00f3 que est\u00e9 I Congreso Virtual, v\u00eda zoom, Instagram y Facebook Live, se llev\u00f3 a cabo desde las instalaciones de la universidad Polit\u00e9cnica del Estado Bol\u00edvar, en conexi\u00f3n en vivo con las direcciones de todos los estados donde a trav\u00e9s del di\u00e1logo, la reflexi\u00f3n y el intercambio, se busca para fortalecer la efectividad en los cuadrantes de paz.<\/p>\n\n\n\n<p>Se\u00f1al\u00f3 adem\u00e1s que las instrucciones del ministro de Relaciones Interiores Justicia y Paz, Remigio Ceballos, fueron precisas ante el Congreso Virtual, con el objetivo preciso de crear espacios para el intercambio de saberes, para el debate y la reflexi\u00f3n sobre los avances, innovaciones, tendencias y retos de la prevenci\u00f3n del delito.<\/p>\n\n\n\n<p>Explic\u00f3 el director de Prevenci\u00f3n del Delito que en alianza a los \u00f3rganos de seguridad ciudadana se busca promover la implementaci\u00f3n de buenas pr\u00e1cticas como pol\u00edticas p\u00fablicas de prevenci\u00f3n del delito, en los cuadrantes de Paz, al tiempo de generar estrategias que erradiquen las acciones negativas para la sociedad.<\/p>\n\n\n\n<p>El primer d\u00eda del Congreso Virtual Nacional de Prevenci\u00f3n del Delito 2021 se llev\u00f3 a cabo con la participaci\u00f3n en vivo de manera presencial, bajo las medidas de bioseguridad los entes de seguridad ciudadana que hacen vida en el estado Bol\u00edvar.<\/p>\n\n\n\n<p>Asimismo Jos\u00e9 Cordero, director general de Prevenci\u00f3n del Delito, mencion\u00f3 que la intenci\u00f3n es incentivar la sistematizaci\u00f3n de las experiencias y procesos preventivos que se desarrollan en todo el \u00e1mbito, para generar orientaciones para el desarrollo de investigaci\u00f3n sobre Prevenci\u00f3n del Delito en los cuadrantes de Paz, considerando las condiciones locales, regionales y nacionales.<\/p>\n\n\n\n<p>Participaci\u00f3n y ponencias magistrales<\/p>\n\n\n\n<p>Temas de inter\u00e9s social para el bien com\u00fan, de acuerdo a las necesidades y como resultados de las encuestas realizadas para este primer Congreso; Uso del Internet y Abuso Infantil, Ciberacoso y Delitos Inform\u00e1ticos, Maltrato Emocional, adem\u00e1s del Proyecto de Ley de Prevenci\u00f3n y Erradicaci\u00f3n del Abuso Sexual hacia ni\u00f1as, ni\u00f1os y adolescentes, tema a cargo de la diputada a la AN Asia Villegas.<\/p>\n\n\n\n<p>Comenz\u00f3 con las ponencias la presidenta del Idenna, Lisaura Raviccini, quien explic\u00f3 con detalles el abuso sexual infantil, luego contin\u00fao el comisario Pascual Gonz\u00e1lez, delitos inform\u00e1ticos del CICPC.<\/p>\n\n\n\n<p>Clausura con mesas de trabajo<\/p>\n\n\n\n<p>Luego de las excelentes ponencias por expertos, los asistentes dejaron ver sus aportes: \u201cdespu\u00e9s de analizar el tema de Maltrato infantil, podemos concluir que es de vital importancia que en cada comunidad existan pol\u00edticas sociales dirigidas al colectivo de NNA pues por sus caracter\u00edsticas son los m\u00e1s vulnerables, de esta forma los proyectos de Prevenci\u00f3n relacionados con el tema son fundamentales para un correcto desarrollo cognitivo, social, afectivo y psicol\u00f3gico\u201d, dijo Katiuska Arias, coordinadora municipal DPD Piar.<\/p>\n\n\n\n<p>Finalmente P\u00e9rez invit\u00f3 a la colectividad a conectarse a trav\u00e9s de las redes sociales de la Direcci\u00f3n de Prevenci\u00f3n del Delito @dpdprevenci\u00f3n en Instagram live, Facebook live, para que interact\u00fae y participe en las m\u00faltiple actividades que promueve la Direcci\u00f3n Nacional de Prevenci\u00f3n del Delito.<\/p>\n\n\n\n<p><strong>Prensa DPD Bol\u00edvar<\/strong><\/p>\n","protected":false},"excerpt":{"rendered":"<p>Culmin\u00f3 con \u00e9xito el I Congreso Virtual Bicentenario Batalla de Carabobo de Prevenci\u00f3n del Delito 2021 \u00abUso del Internet y Abuso Infantil\u00bb a fin de promover el conocimiento y la investigaci\u00f3n con relaci\u00f3n a las pol\u00edticas p\u00fablicas en materia de prevenci\u00f3n del delito, inform\u00f3 el coordinador regional del Frente Preventivo, director de Prevenci\u00f3n del Delito, [&hellip;]<\/p>\n","protected":false},"author":19,"featured_media":197606,"comment_status":"closed","ping_status":"closed","sticky":false,"template":"","format":"standard","meta":{"footnotes":""},"categories":[12],"tags":[],"class_list":{"0":"post-197605","1":"post","2":"type-post","3":"status-publish","4":"format-standard","5":"has-post-thumbnail","7":"category-regionales"},"_links":{"self":[{"href":"https:\/\/elluchador.info\/index.php?rest_route=\/wp\/v2\/posts\/197605","targetHints":{"allow":["GET"]}}],"collection":[{"href":"https:\/\/elluchador.info\/index.php?rest_route=\/wp\/v2\/posts"}],"about":[{"href":"https:\/\/elluchador.info\/index.php?rest_route=\/wp\/v2\/types\/post"}],"author":[{"embeddable":true,"href":"https:\/\/elluchador.info\/index.php?rest_route=\/wp\/v2\/users\/19"}],"replies":[{"embeddable":true,"href":"https:\/\/elluchador.info\/index.php?rest_route=%2Fwp%2Fv2%2Fcomments&post=197605"}],"version-history":[{"count":1,"href":"https:\/\/elluchador.info\/index.php?rest_route=\/wp\/v2\/posts\/197605\/revisions"}],"predecessor-version":[{"id":197607,"href":"https:\/\/elluchador.info\/index.php?rest_route=\/wp\/v2\/posts\/197605\/revisions\/197607"}],"wp:featuredmedia":[{"embeddable":true,"href":"https:\/\/elluchador.info\/index.php?rest_route=\/wp\/v2\/media\/197606"}],"wp:attachment":[{"href":"https:\/\/elluchador.info\/index.php?rest_route=%2Fwp%2Fv2%2Fmedia&parent=197605"}],"wp:term":[{"taxonomy":"category","embeddable":true,"href":"https:\/\/elluchador.info\/index.php?rest_route=%2Fwp%2Fv2%2Fcategories&post=197605"},{"taxonomy":"post_tag","embeddable":true,"href":"https:\/\/elluchador.info\/index.php?rest_route=%2Fwp%2Fv2%2Ftags&post=197605"}],"curies":[{"name":"wp","href":"https:\/\/api.w.org\/{rel}","templated":true}]}}