{"id":197608,"date":"2021-08-26T16:05:17","date_gmt":"2021-08-26T20:05:17","guid":{"rendered":"https:\/\/elluchador.info\/web\/?p=197608"},"modified":"2021-08-26T16:05:18","modified_gmt":"2021-08-26T20:05:18","slug":"gobierno-de-calle-llega-a-jose-antonio-paez","status":"publish","type":"post","link":"https:\/\/elluchador.info\/?p=197608","title":{"rendered":"Gobierno de Calle llega a Jos\u00e9 Antonio P\u00e1ez"},"content":{"rendered":"\n<p>La gesti\u00f3n transformadora del alcalde Sergio Hern\u00e1ndez en Ciudad Bol\u00edvar dio inicio a los trabajos de consolidaci\u00f3n de los servicios y embellecimiento del sector 12 de Marzo en Guaricongo de la parroquia Jos\u00e9 Antonio P\u00e1ez, bajo las actividades del gobierno de calle.<\/p>\n\n\n\n<p>La m\u00e1xima autoridad local coment\u00f3 que continuando con los lineamientos del presidente Nicol\u00e1s Maduro y del pr\u00f3ximo gobernador del estado Bol\u00edvar, \u00c1ngel Marcano se trasladaron al lugar para seguir fortaleciendo los espacios para el buen vivir de los ciudadanos.<\/p>\n\n\n\n<p>Hern\u00e1ndez destac\u00f3 que esta actividad se encuentra desplegada en el sector; bajo el acompa\u00f1amiento de los l\u00edderes de calle, jefe de UBCH, coordinadores pol\u00edticos, concejales y la RAAS bajo la uni\u00f3n c\u00edvico militar policial.<\/p>\n\n\n\n<p>Explic\u00f3 que los trabajos se mantendr\u00e1n en la parroquia Jos\u00e9 Antonio P\u00e1ez, por espacio de varios d\u00edas donde los equipos realizaran las acometidas desde el patroleo o nivelaci\u00f3n de las calles, mantenimiento, instalaci\u00f3n de luminarias LED y jornadas sociales.<\/p>\n\n\n\n<p><strong>Nivelaci\u00f3n de las calles<\/strong><\/p>\n\n\n\n<p>La directora de Infraestructura Municipal, C\u00e1ndida Mujica dio a conocer que bajo la sinergia perfecta y en unidad se iniciaron los trabajos de nivelaci\u00f3n de las calles del sector 12 de Marzo de esta populosa parroquia.<\/p>\n\n\n\n<p>\u201cAqu\u00ed contamos con el hermanamiento de la empresa privada y las instituciones hermanas como ha sido siempre, ya que juntos todo es posible para el bienestar del pueblo\u201d, agreg\u00f3 Mujica.<\/p>\n\n\n\n<p>Explic\u00f3 que las acometidas se efectuaran en la calle principal del sector 12 de Marzo, Eleazar L\u00f3pez Contreras y El Carmen; para despu\u00e9s proseguir hacia otros sectores.<\/p>\n\n\n\n<p>Adem\u00e1s que los equipos integrales llevar\u00e1n las jornadas de mantenimiento y limpieza del sector; as\u00ed como distribuci\u00f3n de agua potable a los habitantes del sector de la mano con el equipo de la parroquia.<\/p>\n\n\n\n<figure class=\"wp-block-image size-full\"><img loading=\"lazy\" decoding=\"async\" width=\"1000\" height=\"748\" src=\"https:\/\/elluchador.info\/web\/wp-content\/uploads\/2021\/08\/07-3.jpg\" alt=\"\" class=\"wp-image-197609\" srcset=\"https:\/\/elluchador.info\/wp-content\/uploads\/2021\/08\/07-3.jpg 1000w, https:\/\/elluchador.info\/wp-content\/uploads\/2021\/08\/07-3-300x224.jpg 300w, https:\/\/elluchador.info\/wp-content\/uploads\/2021\/08\/07-3-768x574.jpg 768w, https:\/\/elluchador.info\/wp-content\/uploads\/2021\/08\/07-3-561x420.jpg 561w, https:\/\/elluchador.info\/wp-content\/uploads\/2021\/08\/07-3-80x60.jpg 80w, https:\/\/elluchador.info\/wp-content\/uploads\/2021\/08\/07-3-100x75.jpg 100w, https:\/\/elluchador.info\/wp-content\/uploads\/2021\/08\/07-3-180x135.jpg 180w, https:\/\/elluchador.info\/wp-content\/uploads\/2021\/08\/07-3-238x178.jpg 238w, https:\/\/elluchador.info\/wp-content\/uploads\/2021\/08\/07-3-640x479.jpg 640w, https:\/\/elluchador.info\/wp-content\/uploads\/2021\/08\/07-3-681x509.jpg 681w\" sizes=\"auto, (max-width: 1000px) 100vw, 1000px\" \/><\/figure>\n\n\n\n<p><strong>Iluminaci\u00f3n LED<\/strong><\/p>\n\n\n\n<p>En este sentido, el l\u00edder municipal agradeci\u00f3 al candidato y pr\u00f3ximo gobernador \u00c1ngel Marcano; al igual que a la clase obrera por la sinergia perfecta en cuanto a la entrega de luminarias LED para ser colocadas en las calles del sector.<\/p>\n\n\n\n<p>Hern\u00e1ndez dijo que ser\u00e1n m\u00e1s de 70 luminarias LED (luz blanca) que vendr\u00e1n a fortalecer las pol\u00edticas de ahorro energ\u00e9tico en el municipio como se han venido instalando desde el a\u00f1o 2020 en las principales arterias viales de la entidad capital.<\/p>\n\n\n\n<p>Las mismas fueron entregadas a los l\u00edderes de calle, quienes junto al equipo integral de la municipalidad efectuar\u00e1n la instalaci\u00f3n de las mismas, para dejar las v\u00edas del punto y c\u00edrculo alumbradas; de esta manera seguir optimizando los servicios.<\/p>\n\n\n\n<p><strong>Pueblo agradecido &nbsp;&nbsp;&nbsp;&nbsp;&nbsp;&nbsp;&nbsp;<\/strong><\/p>\n\n\n\n<p>La concejala Ingrid P\u00e9rez se\u00f1al\u00f3 que gracias a las pol\u00edticas revolucionaria la parroquia Jos\u00e9 Antonio P\u00e1ez recibe una jornada llena de amor para seguir fortaleciendo los espacios; todo bajo la unidad perfecta.<\/p>\n\n\n\n<p>Asimismo la Edil, Lizzer Zamora acot\u00f3 que gracias al trabajo en sinergia hoy se est\u00e1n optimizando los servicios para el bienestar de m\u00e1s de 160 familia del punto y circulo; aqu\u00ed se dio inicio a una jornada llena de amor.<\/p>\n\n\n\n<p>Por su parte, Jos\u00e9 Romero, quien es jefe de comunidad dijo que con estas acometidas se benefician a las familias del sector; as\u00ed como el sector transporte que utiliza esas v\u00edas.<\/p>\n\n\n\n<p>Tambi\u00e9n Karina D\u00edaz, habitante del sector agradeci\u00f3 los trabajos ejecutados en el sector, los cuales llenan de alegr\u00eda a todos los ciudadanos. Tambi\u00e9n el diputado a la Asamblea Nacional, Ronald Bastardo acot\u00f3 que a trav\u00e9s de las pol\u00edticas del presidente Nicol\u00e1s Maduro, el l\u00edder municipal sigue llegando a todos los sectores para la atenci\u00f3n integral de todo un pueblo; como ha sido en estos siete a\u00f1os. <\/p>\n\n\n\n<p>Prensa Alcald\u00eda AO. <\/p>\n\n\n\n<p><\/p>\n","protected":false},"excerpt":{"rendered":"<p>La gesti\u00f3n transformadora del alcalde Sergio Hern\u00e1ndez en Ciudad Bol\u00edvar dio inicio a los trabajos de consolidaci\u00f3n de los servicios y embellecimiento del sector 12 de Marzo en Guaricongo de la parroquia Jos\u00e9 Antonio P\u00e1ez, bajo las actividades del gobierno de calle. La m\u00e1xima autoridad local coment\u00f3 que continuando con los lineamientos del presidente Nicol\u00e1s [&hellip;]<\/p>\n","protected":false},"author":2,"featured_media":197610,"comment_status":"closed","ping_status":"closed","sticky":false,"template":"","format":"standard","meta":{"footnotes":""},"categories":[5,20],"tags":[],"class_list":{"0":"post-197608","1":"post","2":"type-post","3":"status-publish","4":"format-standard","5":"has-post-thumbnail","7":"category-destacado","8":"category-municipal"},"_links":{"self":[{"href":"https:\/\/elluchador.info\/index.php?rest_route=\/wp\/v2\/posts\/197608","targetHints":{"allow":["GET"]}}],"collection":[{"href":"https:\/\/elluchador.info\/index.php?rest_route=\/wp\/v2\/posts"}],"about":[{"href":"https:\/\/elluchador.info\/index.php?rest_route=\/wp\/v2\/types\/post"}],"author":[{"embeddable":true,"href":"https:\/\/elluchador.info\/index.php?rest_route=\/wp\/v2\/users\/2"}],"replies":[{"embeddable":true,"href":"https:\/\/elluchador.info\/index.php?rest_route=%2Fwp%2Fv2%2Fcomments&post=197608"}],"version-history":[{"count":1,"href":"https:\/\/elluchador.info\/index.php?rest_route=\/wp\/v2\/posts\/197608\/revisions"}],"predecessor-version":[{"id":197611,"href":"https:\/\/elluchador.info\/index.php?rest_route=\/wp\/v2\/posts\/197608\/revisions\/197611"}],"wp:featuredmedia":[{"embeddable":true,"href":"https:\/\/elluchador.info\/index.php?rest_route=\/wp\/v2\/media\/197610"}],"wp:attachment":[{"href":"https:\/\/elluchador.info\/index.php?rest_route=%2Fwp%2Fv2%2Fmedia&parent=197608"}],"wp:term":[{"taxonomy":"category","embeddable":true,"href":"https:\/\/elluchador.info\/index.php?rest_route=%2Fwp%2Fv2%2Fcategories&post=197608"},{"taxonomy":"post_tag","embeddable":true,"href":"https:\/\/elluchador.info\/index.php?rest_route=%2Fwp%2Fv2%2Ftags&post=197608"}],"curies":[{"name":"wp","href":"https:\/\/api.w.org\/{rel}","templated":true}]}}