{"id":197632,"date":"2021-08-26T17:14:00","date_gmt":"2021-08-26T21:14:00","guid":{"rendered":"https:\/\/elluchador.info\/web\/?p=197632"},"modified":"2021-08-26T17:14:02","modified_gmt":"2021-08-26T21:14:02","slug":"erika-farias-renuncio-a-la-alcaldia-de-caracas","status":"publish","type":"post","link":"https:\/\/elluchador.info\/?p=197632","title":{"rendered":"Erika Far\u00edas renunci\u00f3 a la Alcald\u00eda de Caracas"},"content":{"rendered":"\n<p>As\u00ed lo inform\u00f3 v\u00eda Twitter la\u00a0<strong>concejal chavista Erika Bernal Echeto<\/strong>, quien agradeci\u00f3 a Far\u00edas por \u201csu trabajo\u201d realizado en la capital.<\/p>\n\n\n\n<p><strong>Erika Far\u00edas&nbsp;<\/strong>ocup\u00f3 la&nbsp;<strong>Alcald\u00eda del municipio Libertador de Caracas<\/strong>&nbsp;hasta este jueves 26 de agosto, luego de que se conociera su renuncia al cargo a tan solo meses de realizarse las elecciones regionales y municipales en el pa\u00eds.<\/p>\n\n\n\n<p>Asimismo, le dio la bienvenida a&nbsp;<strong>Beatriz Rodr\u00edguez<\/strong>, quien fue asignada como alcaldesa encargada.<\/p>\n\n\n\n<p>\u201cHoy en sesi\u00f3n el Concejo Municipal acept\u00f3 la renuncia de la&nbsp;<strong>alcaldesa de Caracas<\/strong>,&nbsp;<strong>\u00c9rika Far\u00edas<\/strong>. Agradecemos su trabajo en nuestra ciudad, y damos la bienvenida y apoyo a la compa\u00f1era&nbsp;<strong>Beatriz Rodr\u00edguez<\/strong>, quien asume esta responsabilidad\u201d, escribi\u00f3&nbsp;<strong>Bernal Echeto.<\/strong><\/p>\n\n\n\n<p>De cara a las pr\u00f3ximas elecciones, el chavismo anunci\u00f3 a<strong>\u00a0Carmen Mel\u00e9ndez<\/strong>, exgobernadora de Lara, como candidata para la Alcald\u00eda de Caracas.<\/p>\n\n\n\n<p>El Impulso<\/p>\n","protected":false},"excerpt":{"rendered":"<p>As\u00ed lo inform\u00f3 v\u00eda Twitter la\u00a0concejal chavista Erika Bernal Echeto, quien agradeci\u00f3 a Far\u00edas por \u201csu trabajo\u201d realizado en la capital. Erika Far\u00edas&nbsp;ocup\u00f3 la&nbsp;Alcald\u00eda del municipio Libertador de Caracas&nbsp;hasta este jueves 26 de agosto, luego de que se conociera su renuncia al cargo a tan solo meses de realizarse las elecciones regionales y municipales en [&hellip;]<\/p>\n","protected":false},"author":2,"featured_media":197633,"comment_status":"closed","ping_status":"closed","sticky":false,"template":"","format":"standard","meta":{"footnotes":""},"categories":[5,9,11],"tags":[],"class_list":{"0":"post-197632","1":"post","2":"type-post","3":"status-publish","4":"format-standard","5":"has-post-thumbnail","7":"category-destacado","8":"category-nacionales","9":"category-politica"},"_links":{"self":[{"href":"https:\/\/elluchador.info\/index.php?rest_route=\/wp\/v2\/posts\/197632","targetHints":{"allow":["GET"]}}],"collection":[{"href":"https:\/\/elluchador.info\/index.php?rest_route=\/wp\/v2\/posts"}],"about":[{"href":"https:\/\/elluchador.info\/index.php?rest_route=\/wp\/v2\/types\/post"}],"author":[{"embeddable":true,"href":"https:\/\/elluchador.info\/index.php?rest_route=\/wp\/v2\/users\/2"}],"replies":[{"embeddable":true,"href":"https:\/\/elluchador.info\/index.php?rest_route=%2Fwp%2Fv2%2Fcomments&post=197632"}],"version-history":[{"count":1,"href":"https:\/\/elluchador.info\/index.php?rest_route=\/wp\/v2\/posts\/197632\/revisions"}],"predecessor-version":[{"id":197634,"href":"https:\/\/elluchador.info\/index.php?rest_route=\/wp\/v2\/posts\/197632\/revisions\/197634"}],"wp:featuredmedia":[{"embeddable":true,"href":"https:\/\/elluchador.info\/index.php?rest_route=\/wp\/v2\/media\/197633"}],"wp:attachment":[{"href":"https:\/\/elluchador.info\/index.php?rest_route=%2Fwp%2Fv2%2Fmedia&parent=197632"}],"wp:term":[{"taxonomy":"category","embeddable":true,"href":"https:\/\/elluchador.info\/index.php?rest_route=%2Fwp%2Fv2%2Fcategories&post=197632"},{"taxonomy":"post_tag","embeddable":true,"href":"https:\/\/elluchador.info\/index.php?rest_route=%2Fwp%2Fv2%2Ftags&post=197632"}],"curies":[{"name":"wp","href":"https:\/\/api.w.org\/{rel}","templated":true}]}}