{"id":197655,"date":"2021-08-26T19:43:18","date_gmt":"2021-08-26T23:43:18","guid":{"rendered":"https:\/\/elluchador.info\/web\/?p=197655"},"modified":"2021-08-26T19:43:20","modified_gmt":"2021-08-26T23:43:20","slug":"federacion-medica-pide-al-ejecutivo-presentar-balance-de-vacunacion","status":"publish","type":"post","link":"https:\/\/elluchador.info\/?p=197655","title":{"rendered":"Federaci\u00f3n M\u00e9dica pide al Ejecutivo presentar balance de vacunaci\u00f3n"},"content":{"rendered":"\n<p>El presidente de la Federaci\u00f3n M\u00e9dica Venezolana, Douglas Le\u00f3n Natera, llam\u00f3 nuevamente al Ejecutivo a presentar cifras y detalles del plan de vacunaci\u00f3n que se lleva a cabo en el pa\u00eds, al considerar que mantienen \u00abuna caja negra y desinformaci\u00f3n\u00bb en torno a estas estad\u00edsticas.En entrevista con Vanessa Davies, en \u00abPor d\u00f3nde vamos\u00bb, Natera denunci\u00f3 que los m\u00e1s de 300 hospitales del pa\u00eds \u00abse encuentran sin nada\u00bb, y que en ocasiones los integrantes sanitarios deben usar una mascarilla por m\u00e1s de una semana.<\/p>\n\n\n\n<p>Record\u00f3 que el pasado martes la instituci\u00f3n cumpli\u00f3 76 a\u00f1os, sin condiciones \u00abpara hacer una celebraci\u00f3n como se la merece la Federaci\u00f3n M\u00e9dica Venezolana\u00bb.<\/p>\n\n\n\n<p>Natera precis\u00f3 que en reiterada ocasiones la situaci\u00f3n del sistema de salud en Venezuela ha sido denunciada frente a organismos internacionales y la Asociaci\u00f3n M\u00e9dica Mundial, \u00abeste a\u00f1o las hicimos v\u00eda virtual, sin embargo, se actualiz\u00f3 lo que estaba pasando\u00bb.<\/p>\n","protected":false},"excerpt":{"rendered":"<p>El presidente de la Federaci\u00f3n M\u00e9dica Venezolana, Douglas Le\u00f3n Natera, llam\u00f3 nuevamente al Ejecutivo a presentar cifras y detalles del plan de vacunaci\u00f3n que se lleva a cabo en el pa\u00eds, al considerar que mantienen \u00abuna caja negra y desinformaci\u00f3n\u00bb en torno a estas estad\u00edsticas.En entrevista con Vanessa Davies, en \u00abPor d\u00f3nde vamos\u00bb, Natera denunci\u00f3 [&hellip;]<\/p>\n","protected":false},"author":2,"featured_media":197656,"comment_status":"closed","ping_status":"closed","sticky":false,"template":"","format":"standard","meta":{"footnotes":""},"categories":[5,9],"tags":[],"class_list":{"0":"post-197655","1":"post","2":"type-post","3":"status-publish","4":"format-standard","5":"has-post-thumbnail","7":"category-destacado","8":"category-nacionales"},"_links":{"self":[{"href":"https:\/\/elluchador.info\/index.php?rest_route=\/wp\/v2\/posts\/197655","targetHints":{"allow":["GET"]}}],"collection":[{"href":"https:\/\/elluchador.info\/index.php?rest_route=\/wp\/v2\/posts"}],"about":[{"href":"https:\/\/elluchador.info\/index.php?rest_route=\/wp\/v2\/types\/post"}],"author":[{"embeddable":true,"href":"https:\/\/elluchador.info\/index.php?rest_route=\/wp\/v2\/users\/2"}],"replies":[{"embeddable":true,"href":"https:\/\/elluchador.info\/index.php?rest_route=%2Fwp%2Fv2%2Fcomments&post=197655"}],"version-history":[{"count":1,"href":"https:\/\/elluchador.info\/index.php?rest_route=\/wp\/v2\/posts\/197655\/revisions"}],"predecessor-version":[{"id":197657,"href":"https:\/\/elluchador.info\/index.php?rest_route=\/wp\/v2\/posts\/197655\/revisions\/197657"}],"wp:featuredmedia":[{"embeddable":true,"href":"https:\/\/elluchador.info\/index.php?rest_route=\/wp\/v2\/media\/197656"}],"wp:attachment":[{"href":"https:\/\/elluchador.info\/index.php?rest_route=%2Fwp%2Fv2%2Fmedia&parent=197655"}],"wp:term":[{"taxonomy":"category","embeddable":true,"href":"https:\/\/elluchador.info\/index.php?rest_route=%2Fwp%2Fv2%2Fcategories&post=197655"},{"taxonomy":"post_tag","embeddable":true,"href":"https:\/\/elluchador.info\/index.php?rest_route=%2Fwp%2Fv2%2Ftags&post=197655"}],"curies":[{"name":"wp","href":"https:\/\/api.w.org\/{rel}","templated":true}]}}