{"id":197662,"date":"2021-08-26T19:50:31","date_gmt":"2021-08-26T23:50:31","guid":{"rendered":"https:\/\/elluchador.info\/web\/?p=197662"},"modified":"2021-08-26T19:50:48","modified_gmt":"2021-08-26T23:50:48","slug":"de-grazia-vamos-a-participar-el-21-n-con-o-sin-candidaturas","status":"publish","type":"post","link":"https:\/\/elluchador.info\/?p=197662","title":{"rendered":"De Grazia: Vamos a participar el 21-N con o sin candidaturas"},"content":{"rendered":"\n<p>El dirigente pol\u00edtico y candidato a la gobernaci\u00f3n del estado Bol\u00edvar, Am\u00e9rico de Grazia, asegur\u00f3 que el partido Ecol\u00f3gico, del cual forma parte, entreg\u00f3 todos los recaudos exigidos por el Consejo Nacional Electoral (CNE) para presentar su candidatura, y en caso de que no se acepte su postulaci\u00f3n, la tolda pol\u00edtica presentar\u00e1 otra opci\u00f3n.\u00abEstamos en la disposici\u00f3n de participar y ayudar en todo lo que sea posible por reponer el camino democr\u00e1tico (\u2026) si Am\u00e9rico De Grazia queda inhabilitado porque el gobierno no quiere ponerlo en escena; nosotros igualito vamos a votar y participar con o sin candidaturas\u00bb, dijo.<\/p>\n\n\n\n<p>El exdiputado a la Asamblea Nacional en 2015 oficializ\u00f3 el pasado mi\u00e9rcoles 11 de agosto su aspiraci\u00f3n a la gobernaci\u00f3n del estado Bol\u00edvar con la tarjeta del partido Ecol\u00f3gico de Venezuela.<\/p>\n\n\n\n<p>El dirigente resalt\u00f3 que decidi\u00f3 estar en esta tarjeta electoral por la flexibilidad que tiene de establecer v\u00ednculos con el G4 y la Alianza Democr\u00e1tica.<\/p>\n\n\n\n<p>\u00abInsistiremos en que nos admitan y aceptan nuestra candidatura, en caso contrario Ecol\u00f3gico postulara a su candidato, porque si no participo no significa que le vamos a dar una patada a la mesa\u00bb, manifest\u00f3.<\/p>\n\n\n\n<p>En entrevista con Vladimir Villegas, De Grazia consider\u00f3 que \u00ablas peleas dom\u00e9sticas\u00bb entre los partidos ha afectado la percepci\u00f3n del ciudadano hacia ellos.<\/p>\n\n\n\n<p>Uni\u00f3n Radio<\/p>\n","protected":false},"excerpt":{"rendered":"<p>El dirigente pol\u00edtico y candidato a la gobernaci\u00f3n del estado Bol\u00edvar, Am\u00e9rico de Grazia, asegur\u00f3 que el partido Ecol\u00f3gico, del cual forma parte, entreg\u00f3 todos los recaudos exigidos por el Consejo Nacional Electoral (CNE) para presentar su candidatura, y en caso de que no se acepte su postulaci\u00f3n, la tolda pol\u00edtica presentar\u00e1 otra opci\u00f3n.\u00abEstamos en [&hellip;]<\/p>\n","protected":false},"author":2,"featured_media":197663,"comment_status":"closed","ping_status":"closed","sticky":false,"template":"","format":"standard","meta":{"footnotes":""},"categories":[11],"tags":[],"class_list":{"0":"post-197662","1":"post","2":"type-post","3":"status-publish","4":"format-standard","5":"has-post-thumbnail","7":"category-politica"},"_links":{"self":[{"href":"https:\/\/elluchador.info\/index.php?rest_route=\/wp\/v2\/posts\/197662","targetHints":{"allow":["GET"]}}],"collection":[{"href":"https:\/\/elluchador.info\/index.php?rest_route=\/wp\/v2\/posts"}],"about":[{"href":"https:\/\/elluchador.info\/index.php?rest_route=\/wp\/v2\/types\/post"}],"author":[{"embeddable":true,"href":"https:\/\/elluchador.info\/index.php?rest_route=\/wp\/v2\/users\/2"}],"replies":[{"embeddable":true,"href":"https:\/\/elluchador.info\/index.php?rest_route=%2Fwp%2Fv2%2Fcomments&post=197662"}],"version-history":[{"count":1,"href":"https:\/\/elluchador.info\/index.php?rest_route=\/wp\/v2\/posts\/197662\/revisions"}],"predecessor-version":[{"id":197664,"href":"https:\/\/elluchador.info\/index.php?rest_route=\/wp\/v2\/posts\/197662\/revisions\/197664"}],"wp:featuredmedia":[{"embeddable":true,"href":"https:\/\/elluchador.info\/index.php?rest_route=\/wp\/v2\/media\/197663"}],"wp:attachment":[{"href":"https:\/\/elluchador.info\/index.php?rest_route=%2Fwp%2Fv2%2Fmedia&parent=197662"}],"wp:term":[{"taxonomy":"category","embeddable":true,"href":"https:\/\/elluchador.info\/index.php?rest_route=%2Fwp%2Fv2%2Fcategories&post=197662"},{"taxonomy":"post_tag","embeddable":true,"href":"https:\/\/elluchador.info\/index.php?rest_route=%2Fwp%2Fv2%2Ftags&post=197662"}],"curies":[{"name":"wp","href":"https:\/\/api.w.org\/{rel}","templated":true}]}}