{"id":197681,"date":"2021-08-27T11:13:59","date_gmt":"2021-08-27T15:13:59","guid":{"rendered":"https:\/\/elluchador.info\/web\/?p=197681"},"modified":"2021-08-27T11:14:00","modified_gmt":"2021-08-27T15:14:00","slug":"aumentan-a-95-los-muertos-tras-doble-atentado-en-el-aeropuerto-de-kabul","status":"publish","type":"post","link":"https:\/\/elluchador.info\/?p=197681","title":{"rendered":"Aumentan a 95 los muertos tras doble atentado en el aeropuerto de Kabul"},"content":{"rendered":"\n<p>Al menos 95 personas murieron y otras 150 resultaron heridas en el doble atentado suicida perpetrado el jueves por el grupo yihadista Estado Isl\u00e1mico (EI) en el aeropuerto de Kabul, seg\u00fan el \u00faltimo recuento de v\u00edctimas divulgado este viernes.<\/p>\n\n\n\n<p>El n\u00famero de muertos ascendi\u00f3 a 95 y el de heridos a 150, asegur\u00f3 a Efe una fuente oficial, que pidi\u00f3 el anonimato, y que a\u00f1adi\u00f3 que \u201cdebido a la sensibilidad\u201d de lo sucedido no pod\u00eda dar m\u00e1s detalles.<\/p>\n\n\n\n<p>La fuente no aclar\u00f3 si entre las v\u00edctimas se encuentran los 13 soldados estadounidenses muertos y los otros 18 heridos en el doble atentado de ayer en las cercan\u00edas del aeropuerto, por lo que la cifra de v\u00edctimas mortales podr\u00eda ascender a m\u00e1s de un centenar.<\/p>\n\n\n\n<p>El doble ataque suicida ocurri\u00f3 ayer despu\u00e9s de d\u00edas en los que los gobiernos de varios pa\u00edses hab\u00edan alertado de la posibilidad de atentados en el aeropuerto, donde miles de personas trataban entre empujones de acceder a alguno de los vuelos de evacuaci\u00f3n desde la toma de la capital afgana por los talibanes el pasado 15 de agosto.<\/p>\n\n\n\n<p>Las explosiones tuvieron lugar a media tarde, y pronto se divulgaron en las redes sociales im\u00e1genes de decenas de cuerpos ensangrentados y mutilados en un canal con agua situado en la periferia del aer\u00f3dromo, donde muchos civiles llevaban d\u00edas intentando que las fuerzas de seguridad se apiadasen de ellos y les permitieran entrar.<\/p>\n\n\n\n<p>Horas m\u00e1s tarde, la rama afgana del grupo yihadista Estado Isl\u00e1mico (EI) reivindic\u00f3 el ataque, aunque solo se hizo eco de una de las explosiones, perpetrada por uno de sus combatientes, que logr\u00f3 pasar inadvertido a trav\u00e9s de los controles de seguridad \u201cde las fuerzas estadounidenses y de la milicia talib\u00e1n alrededor de la capital\u201d.<\/p>\n\n\n\n<p>El principal portavoz talib\u00e1n, Zabihulla Mujahid, conden\u00f3 \u201cen\u00e9rgicamente el ataque a civiles en el aeropuerto de Kabul, que tuvo lugar en una zona donde las fuerzas estadounidenses son responsables de la seguridad\u201d.<\/p>\n\n\n\n<p>Se trata del primer ataque de este tipo desde que los talibanes tomaron el control del pa\u00eds el pasado 15 de agosto con la toma de la capital afgana, pese a los rigurosos controles de seguridad de los islamistas en toda la ciudad.<\/p>\n\n\n\n<p>Este viernes, varios pa\u00edses, entre los que se encuentran Espa\u00f1a o Australia, dieron por concluidas las operaciones de evacuaci\u00f3n en Kabul.<\/p>\n\n\n\n<p><strong>EFE<\/strong><\/p>\n","protected":false},"excerpt":{"rendered":"<p>Al menos 95 personas murieron y otras 150 resultaron heridas en el doble atentado suicida perpetrado el jueves por el grupo yihadista Estado Isl\u00e1mico (EI) en el aeropuerto de Kabul, seg\u00fan el \u00faltimo recuento de v\u00edctimas divulgado este viernes. El n\u00famero de muertos ascendi\u00f3 a 95 y el de heridos a 150, asegur\u00f3 a Efe [&hellip;]<\/p>\n","protected":false},"author":2,"featured_media":197682,"comment_status":"closed","ping_status":"closed","sticky":false,"template":"","format":"standard","meta":{"footnotes":""},"categories":[5,8],"tags":[],"class_list":{"0":"post-197681","1":"post","2":"type-post","3":"status-publish","4":"format-standard","5":"has-post-thumbnail","7":"category-destacado","8":"category-internacionales"},"_links":{"self":[{"href":"https:\/\/elluchador.info\/index.php?rest_route=\/wp\/v2\/posts\/197681","targetHints":{"allow":["GET"]}}],"collection":[{"href":"https:\/\/elluchador.info\/index.php?rest_route=\/wp\/v2\/posts"}],"about":[{"href":"https:\/\/elluchador.info\/index.php?rest_route=\/wp\/v2\/types\/post"}],"author":[{"embeddable":true,"href":"https:\/\/elluchador.info\/index.php?rest_route=\/wp\/v2\/users\/2"}],"replies":[{"embeddable":true,"href":"https:\/\/elluchador.info\/index.php?rest_route=%2Fwp%2Fv2%2Fcomments&post=197681"}],"version-history":[{"count":1,"href":"https:\/\/elluchador.info\/index.php?rest_route=\/wp\/v2\/posts\/197681\/revisions"}],"predecessor-version":[{"id":197683,"href":"https:\/\/elluchador.info\/index.php?rest_route=\/wp\/v2\/posts\/197681\/revisions\/197683"}],"wp:featuredmedia":[{"embeddable":true,"href":"https:\/\/elluchador.info\/index.php?rest_route=\/wp\/v2\/media\/197682"}],"wp:attachment":[{"href":"https:\/\/elluchador.info\/index.php?rest_route=%2Fwp%2Fv2%2Fmedia&parent=197681"}],"wp:term":[{"taxonomy":"category","embeddable":true,"href":"https:\/\/elluchador.info\/index.php?rest_route=%2Fwp%2Fv2%2Fcategories&post=197681"},{"taxonomy":"post_tag","embeddable":true,"href":"https:\/\/elluchador.info\/index.php?rest_route=%2Fwp%2Fv2%2Ftags&post=197681"}],"curies":[{"name":"wp","href":"https:\/\/api.w.org\/{rel}","templated":true}]}}