{"id":197698,"date":"2021-08-27T12:14:00","date_gmt":"2021-08-27T16:14:00","guid":{"rendered":"https:\/\/elluchador.info\/web\/?p=197698"},"modified":"2021-08-27T12:14:01","modified_gmt":"2021-08-27T16:14:01","slug":"argentina-intensificara-educacion-presencial-a-partir-del-1-de-septiembre","status":"publish","type":"post","link":"https:\/\/elluchador.info\/?p=197698","title":{"rendered":"Argentina intensificar\u00e1 educaci\u00f3n presencial a partir del 1 de septiembre"},"content":{"rendered":"\n<p>Argentina intensificar\u00e1 la educaci\u00f3n presencial a partir del 1 de septiembre pr\u00f3ximo, en consonancia con una disminuci\u00f3n de los casos, las internaciones y las muertes por la enfermedad del nuevo coronavirus (COVID-19), anunci\u00f3 hoy jueves el Ministerio de Educaci\u00f3n.<\/p>\n\n\n\n<p>El titular de la cartera educativa nacional, Nicol\u00e1s Trotta, encabez\u00f3 este d\u00eda la 109\u00b0 asamblea del Consejo Federal de Educaci\u00f3n con la presencia de ministros de Educaci\u00f3n de las 24 provincias del pa\u00eds, en la cual se aprobaron cambios en el protocolo para las escuelas \u00abcon el objetivo de intensificar la presencialidad a partir del 1 de septiembre\u00bb.<\/p>\n\n\n\n<p>\u00abEl paso que hemos dado hoy es muy importante, porque nos permite intensificar la presencialidad en nuestro sistema educativo. Tenemos la responsabilidad de garantizar el cuidado de la salud de toda la comunidad educativa\u00bb, sostuvo el funcionario.<\/p>\n\n\n\n<p>Trotta dijo que \u00abse puede avanzar de manera segura y proponemos este paso porque contamos con el aval de especialistas del campo sanitario y epidemiol\u00f3gico, luego de 13 semanas de mejora de los indicadores\u00bb vinculados a la COVID-19.<\/p>\n\n\n\n<p>\u00abEstos cambios se aplicar\u00e1n manteniendo y, en algunos casos, incrementando las medidas de cuidado, ya que la pandemia a\u00fan no ha terminado\u00bb, advirti\u00f3 el funcionario.<\/p>\n\n\n\n<p>La cartera educativa dijo que Argentina registra una \u00abmejora de los indicadores epidemiol\u00f3gicos\u00bb a lo largo de las \u00faltimas 13 semanas, junto al avance en el proceso de vacunaci\u00f3n contra la COVID-19 y el aumento de las temperaturas en el territorio argentino, \u00ablo cual ofrece una posibilidad de dar paso a nuevas instancias que contin\u00faen fortaleciendo la presencia en las aulas\u00bb.<\/p>\n\n\n\n<p>\u00abLa flexibilizaci\u00f3n del distanciamiento f\u00edsico se dar\u00e1 siempre y cuando se incrementen a\u00fan m\u00e1s el resto de las medidas, las cuales son condiciones m\u00ednimas, sobre las cuales cada jurisdicci\u00f3n podr\u00e1 adicionar otras medidas que considere convenientes\u00bb, a\u00f1adi\u00f3 la informaci\u00f3n oficial.<\/p>\n\n\n\n<p>El a\u00f1o pasado, en el marco de restricciones derivadas de la pandemia, la mayor parte del sistema educativo del pa\u00eds se volc\u00f3 a las clases con la modalidad virtual o mediante el env\u00edo de cuadernillos a las viviendas de los alumnos en zonas con bajo acceso a internet. Este a\u00f1o, la educaci\u00f3n ha alternado clases presenciales con clases virtuales.<\/p>\n\n\n\n<p>Seg\u00fan lo dispuesto este jueves, las escuelas podr\u00e1n asegurar la \u00abpresencialidad completa\u00bb, pero manteniendo un distanciamiento f\u00edsico de 1,5 metros entre estudiantes, sin dejar de ventilar, asegurando el uso de mascarillas y la higiene de manos.<\/p>\n\n\n\n<p>El pa\u00eds sudamericano registr\u00f3 su primer caso de la COVID-19 en marzo de 2020 y confirm\u00f3 hasta el jueves 5.161.926 contagios y 111.117 decesos, mientras lleva aplicadas 40.855.178 vacunas contra la enfermedad desde diciembre.<\/p>\n\n\n\n<p><strong>Xinhua<\/strong><\/p>\n","protected":false},"excerpt":{"rendered":"<p>Argentina intensificar\u00e1 la educaci\u00f3n presencial a partir del 1 de septiembre pr\u00f3ximo, en consonancia con una disminuci\u00f3n de los casos, las internaciones y las muertes por la enfermedad del nuevo coronavirus (COVID-19), anunci\u00f3 hoy jueves el Ministerio de Educaci\u00f3n. El titular de la cartera educativa nacional, Nicol\u00e1s Trotta, encabez\u00f3 este d\u00eda la 109\u00b0 asamblea del [&hellip;]<\/p>\n","protected":false},"author":2,"featured_media":197699,"comment_status":"closed","ping_status":"closed","sticky":false,"template":"","format":"standard","meta":{"footnotes":""},"categories":[8],"tags":[],"class_list":{"0":"post-197698","1":"post","2":"type-post","3":"status-publish","4":"format-standard","5":"has-post-thumbnail","7":"category-internacionales"},"_links":{"self":[{"href":"https:\/\/elluchador.info\/index.php?rest_route=\/wp\/v2\/posts\/197698","targetHints":{"allow":["GET"]}}],"collection":[{"href":"https:\/\/elluchador.info\/index.php?rest_route=\/wp\/v2\/posts"}],"about":[{"href":"https:\/\/elluchador.info\/index.php?rest_route=\/wp\/v2\/types\/post"}],"author":[{"embeddable":true,"href":"https:\/\/elluchador.info\/index.php?rest_route=\/wp\/v2\/users\/2"}],"replies":[{"embeddable":true,"href":"https:\/\/elluchador.info\/index.php?rest_route=%2Fwp%2Fv2%2Fcomments&post=197698"}],"version-history":[{"count":1,"href":"https:\/\/elluchador.info\/index.php?rest_route=\/wp\/v2\/posts\/197698\/revisions"}],"predecessor-version":[{"id":197700,"href":"https:\/\/elluchador.info\/index.php?rest_route=\/wp\/v2\/posts\/197698\/revisions\/197700"}],"wp:featuredmedia":[{"embeddable":true,"href":"https:\/\/elluchador.info\/index.php?rest_route=\/wp\/v2\/media\/197699"}],"wp:attachment":[{"href":"https:\/\/elluchador.info\/index.php?rest_route=%2Fwp%2Fv2%2Fmedia&parent=197698"}],"wp:term":[{"taxonomy":"category","embeddable":true,"href":"https:\/\/elluchador.info\/index.php?rest_route=%2Fwp%2Fv2%2Fcategories&post=197698"},{"taxonomy":"post_tag","embeddable":true,"href":"https:\/\/elluchador.info\/index.php?rest_route=%2Fwp%2Fv2%2Ftags&post=197698"}],"curies":[{"name":"wp","href":"https:\/\/api.w.org\/{rel}","templated":true}]}}