{"id":197707,"date":"2021-08-27T16:49:59","date_gmt":"2021-08-27T20:49:59","guid":{"rendered":"https:\/\/elluchador.info\/web\/?p=197707"},"modified":"2021-08-27T16:50:01","modified_gmt":"2021-08-27T20:50:01","slug":"en-el-municipio-independencia-queda-prohibido-el-trafico-nocturno-por-aumento-de-casos-de-covid-19","status":"publish","type":"post","link":"https:\/\/elluchador.info\/?p=197707","title":{"rendered":"En el municipio Independencia, queda prohibido el tr\u00e1fico nocturno por aumento de casos de Covid-19"},"content":{"rendered":"\n<p>A partir de las 9:00 de la noche, salvo las excepciones de ley, se proh\u00edbe en Soledad y el resto del Municipio Independencia de Anzo\u00e1tegui, de acuerdo con un decreto del alcalde Carlos Vidal, el tr\u00e1fico de veh\u00edculos particulares y transe\u00fantes por la v\u00eda p\u00fablica, como parte de un conjunto de medidas de prevenci\u00f3n, urgentes y de aplicaci\u00f3n inmediata, para enfrentar el aumento de casos de contagio del Covid-19 en esa jurisdicci\u00f3n municipal.<\/p>\n\n\n\n<p>El decreto del alcalde Vidal, de tres considerandos y tres art\u00edculos, se fundamenta en cumplir su obligaci\u00f3n legal de defender y proteger la salud p\u00fablica de la poblaci\u00f3n de Soledad y del resto del Municipio Independencia.<\/p>\n\n\n\n<p>La resoluci\u00f3n tambi\u00e9n se enmarca en los lineamientos y actuaciones del gobierno del presidente Nicol\u00e1s Maduro, para enfrentar con \u00e9xito la pandemia global del coronavirus Covid-19 en el pa\u00eds.<\/p>\n\n\n\n<p>El decreto dispone que, para velar y hacer cumplir la prohibici\u00f3n de tr\u00e1fico nocturno de veh\u00edculos particulares y transe\u00fantes por la v\u00eda p\u00fablica, a partir de las 9:00 noche,\u00a0 los organismos de seguridad pueden establecer puntos de control y bloqueo de calles y avenidas.<\/p>\n\n\n\n<p>Igualmente se proh\u00edbe por 30 d\u00edas, a partir de la entrada en vigencia del decreto, la celebraci\u00f3n de fiestas, reuniones, aglomeraciones, eventos sociales y deportivos en sitios p\u00fablicos y privados, a los fines de prevenir el contagio. Esta prohibici\u00f3n se evaluar\u00e1 seg\u00fan sea el n\u00famero de contagiados.<\/p>\n\n\n\n<p>El decreto exhorta a la ciudadan\u00eda, choferes de veh\u00edculos, conductores de motos, responsables de lanchas de transporte de pasajeros por el Orinoco, as\u00ed como a comerciantes, bodegueros y licoreros, entre otros sectores, a cooperar con las autoridades en el cumplimiento del mandato del alcalde Vidal.<\/p>\n\n\n\n<p>Es obligatorio el uso de tapabocas en las calles y establecimientos comerciales. Dentro de estos no deben haber m\u00e1s de diez personas, guardando un margen de distancia de dos metros, como parte de las medidas de bioseguridad. El horario de trabajo ser\u00e1 hasta las 6:00 de la tarde.<\/p>\n\n\n\n<p>El incumplimiento de esta disposici\u00f3n dar\u00e1 lugar a las sanciones por reincidencia, de conformidad con la ordenanza de actividad econ\u00f3mica.<\/p>\n\n\n\n<p>\u00a0Los expendios de licores y bodegones estar\u00e1n abiertos hasta las 6 :00 p.m. en la semana de flexibilizaci\u00f3n. Se proh\u00edbe la venta para consumo dentro de estos locales y sus alrededores.<\/p>\n\n\n\n<p>Los expendedores y expendedoras de las instalaciones del mercado municipal trabajar\u00e1n hasta la 1:00 de la tarde. Deber\u00e1n realizar el debido mantenimiento del \u00e1rea de trabajo que ocupan, a fin de dejar el espacio limpio para la desinfecci\u00f3n por las autoridades sanitarias.<\/p>\n\n\n\n<p>El transporte fluvial trabajar\u00e1 hasta las 4:00 de la tarde. El m\u00e1ximo de personas por viaje ser\u00e1 de quince personas. Los pasajeros y pasajeras deben tener sus tapabocas. Guardar\u00e1n un metro de distancia entre ellos. No se permitir\u00e1 que ning\u00fan usuario no lleve puesto la mascarilla. Igualmente es obligatorio desinfectar diariamente los salvavidas y las lanchas.<\/p>\n\n\n\n<p>El incumplimiento de cualquiera de las medidas preventivas se sancionar\u00e1 de acuerdo con el decreto. <\/p>\n\n\n\n<p><strong>(Prensa Alcald\u00eda de Independencia\/JLS)<\/strong><\/p>\n","protected":false},"excerpt":{"rendered":"<p>A partir de las 9:00 de la noche, salvo las excepciones de ley, se proh\u00edbe en Soledad y el resto del Municipio Independencia de Anzo\u00e1tegui, de acuerdo con un decreto del alcalde Carlos Vidal, el tr\u00e1fico de veh\u00edculos particulares y transe\u00fantes por la v\u00eda p\u00fablica, como parte de un conjunto de medidas de prevenci\u00f3n, urgentes [&hellip;]<\/p>\n","protected":false},"author":2,"featured_media":197708,"comment_status":"closed","ping_status":"closed","sticky":false,"template":"","format":"standard","meta":{"footnotes":""},"categories":[5,12],"tags":[],"class_list":{"0":"post-197707","1":"post","2":"type-post","3":"status-publish","4":"format-standard","5":"has-post-thumbnail","7":"category-destacado","8":"category-regionales"},"_links":{"self":[{"href":"https:\/\/elluchador.info\/index.php?rest_route=\/wp\/v2\/posts\/197707","targetHints":{"allow":["GET"]}}],"collection":[{"href":"https:\/\/elluchador.info\/index.php?rest_route=\/wp\/v2\/posts"}],"about":[{"href":"https:\/\/elluchador.info\/index.php?rest_route=\/wp\/v2\/types\/post"}],"author":[{"embeddable":true,"href":"https:\/\/elluchador.info\/index.php?rest_route=\/wp\/v2\/users\/2"}],"replies":[{"embeddable":true,"href":"https:\/\/elluchador.info\/index.php?rest_route=%2Fwp%2Fv2%2Fcomments&post=197707"}],"version-history":[{"count":1,"href":"https:\/\/elluchador.info\/index.php?rest_route=\/wp\/v2\/posts\/197707\/revisions"}],"predecessor-version":[{"id":197709,"href":"https:\/\/elluchador.info\/index.php?rest_route=\/wp\/v2\/posts\/197707\/revisions\/197709"}],"wp:featuredmedia":[{"embeddable":true,"href":"https:\/\/elluchador.info\/index.php?rest_route=\/wp\/v2\/media\/197708"}],"wp:attachment":[{"href":"https:\/\/elluchador.info\/index.php?rest_route=%2Fwp%2Fv2%2Fmedia&parent=197707"}],"wp:term":[{"taxonomy":"category","embeddable":true,"href":"https:\/\/elluchador.info\/index.php?rest_route=%2Fwp%2Fv2%2Fcategories&post=197707"},{"taxonomy":"post_tag","embeddable":true,"href":"https:\/\/elluchador.info\/index.php?rest_route=%2Fwp%2Fv2%2Ftags&post=197707"}],"curies":[{"name":"wp","href":"https:\/\/api.w.org\/{rel}","templated":true}]}}