{"id":197710,"date":"2021-08-27T16:58:46","date_gmt":"2021-08-27T20:58:46","guid":{"rendered":"https:\/\/elluchador.info\/web\/?p=197710"},"modified":"2021-08-27T16:58:47","modified_gmt":"2021-08-27T20:58:47","slug":"lula-da-silva-aseguro-que-bolsonaro-es-peor-que-maduro","status":"publish","type":"post","link":"https:\/\/elluchador.info\/?p=197710","title":{"rendered":"Lula Da Silva asegur\u00f3 que Bolsonaro es \u00abpeor\u00bb que Maduro"},"content":{"rendered":"\n<p>El l\u00edder de la izquierda en Brasil, asegur\u00f3 que no apoya el actual Ejecutivo venezolano, aunque reafirm\u00f3 su postura contraria a una intervenci\u00f3n militar por parte de Estados Unidos.\u00a0\u00abYo no defiendo el r\u00e9gimen de Venezuela. Yo no defiendo qu\u00e9 hace Maduro o qu\u00e9 deja de hacer. Lo que pienso es que el problema de Venezuela es un problema de los venezolanos, no es un problema de los norteamericanos\u00bb, recalc\u00f3.<\/p>\n\n\n\n<p>El expresidente de Brasil y aspirante a la candidatura presidencial para las elecciones de 2022,\u00a0<strong>Luiz In\u00e1cio Lula da Silva<\/strong>, dijo que Jair Bolsonaro,\u00a0<strong>\u00abes peor\u00bb<\/strong>\u00a0que Nicol\u00e1s Maduro. Con estas declaraciones, Lula reconoci\u00f3 la mala imagen del r\u00e9gimen venezolano a nivel internacional.<\/p>\n\n\n\n<p>El exmandatario, quien fue cercano en el pasado a la llamada&nbsp;<strong>\u00abRevoluci\u00f3n Bolivariana\u00bb<\/strong>&nbsp;de Hugo Ch\u00e1vez, hizo la declaraci\u00f3n durante una entrevista radial, donde defendi\u00f3 que la autodeterminaci\u00f3n de los pueblos es algo que&nbsp;<strong>\u00abno se toca\u00bb<\/strong>&nbsp;y debe ser respetada, sin la injerencia de otros pa\u00edses, por lo que cabe a cada poblaci\u00f3n decidir sobre sus gobernantes.<\/p>\n\n\n\n<p>\u00abCada pa\u00eds cuida de su pa\u00eds. Que Maduro sea lo que quiera, pero quien tiene que ponerlo o sacarlo es el pueblo de Venezuela y no Bolsonaro, que es peor que Maduro\u00bb, asever\u00f3 el exjefe de Estado.<\/p>\n\n\n\n<p>Con estas palabras,\u00a0Lula marca un\u00a0distanciamiento respecto al r\u00e9gimen de Maduro, un antiguo aliado y a quien Lula lleg\u00f3 a pedir que fuera reconocido como \u00fanico y leg\u00edtimo presidente de Venezuela a inicios de 2021.<\/p>\n\n\n\n<p>El Impulso <\/p>\n","protected":false},"excerpt":{"rendered":"<p>El l\u00edder de la izquierda en Brasil, asegur\u00f3 que no apoya el actual Ejecutivo venezolano, aunque reafirm\u00f3 su postura contraria a una intervenci\u00f3n militar por parte de Estados Unidos.\u00a0\u00abYo no defiendo el r\u00e9gimen de Venezuela. Yo no defiendo qu\u00e9 hace Maduro o qu\u00e9 deja de hacer. Lo que pienso es que el problema de Venezuela [&hellip;]<\/p>\n","protected":false},"author":2,"featured_media":150539,"comment_status":"closed","ping_status":"closed","sticky":false,"template":"","format":"standard","meta":{"footnotes":""},"categories":[5,8],"tags":[],"class_list":{"0":"post-197710","1":"post","2":"type-post","3":"status-publish","4":"format-standard","5":"has-post-thumbnail","7":"category-destacado","8":"category-internacionales"},"_links":{"self":[{"href":"https:\/\/elluchador.info\/index.php?rest_route=\/wp\/v2\/posts\/197710","targetHints":{"allow":["GET"]}}],"collection":[{"href":"https:\/\/elluchador.info\/index.php?rest_route=\/wp\/v2\/posts"}],"about":[{"href":"https:\/\/elluchador.info\/index.php?rest_route=\/wp\/v2\/types\/post"}],"author":[{"embeddable":true,"href":"https:\/\/elluchador.info\/index.php?rest_route=\/wp\/v2\/users\/2"}],"replies":[{"embeddable":true,"href":"https:\/\/elluchador.info\/index.php?rest_route=%2Fwp%2Fv2%2Fcomments&post=197710"}],"version-history":[{"count":1,"href":"https:\/\/elluchador.info\/index.php?rest_route=\/wp\/v2\/posts\/197710\/revisions"}],"predecessor-version":[{"id":197711,"href":"https:\/\/elluchador.info\/index.php?rest_route=\/wp\/v2\/posts\/197710\/revisions\/197711"}],"wp:featuredmedia":[{"embeddable":true,"href":"https:\/\/elluchador.info\/index.php?rest_route=\/wp\/v2\/media\/150539"}],"wp:attachment":[{"href":"https:\/\/elluchador.info\/index.php?rest_route=%2Fwp%2Fv2%2Fmedia&parent=197710"}],"wp:term":[{"taxonomy":"category","embeddable":true,"href":"https:\/\/elluchador.info\/index.php?rest_route=%2Fwp%2Fv2%2Fcategories&post=197710"},{"taxonomy":"post_tag","embeddable":true,"href":"https:\/\/elluchador.info\/index.php?rest_route=%2Fwp%2Fv2%2Ftags&post=197710"}],"curies":[{"name":"wp","href":"https:\/\/api.w.org\/{rel}","templated":true}]}}