{"id":197729,"date":"2021-08-27T20:14:50","date_gmt":"2021-08-28T00:14:50","guid":{"rendered":"https:\/\/elluchador.info\/web\/?p=197729"},"modified":"2021-08-27T20:14:53","modified_gmt":"2021-08-28T00:14:53","slug":"defensa-de-anez-pide-medida-cautelar-a-cidh","status":"publish","type":"post","link":"https:\/\/elluchador.info\/?p=197729","title":{"rendered":"Defensa de A\u00f1ez pide medida cautelar a CIDH"},"content":{"rendered":"\n<p>La defensa de la expresidenta transitoria de Bolivia Jeanine \u00c1\u00f1ez acudi\u00f3 a la Corte Interamericana de Derechos Humanos (CorteIDH) para solicitar una medida cautelar para que el Estado boliviano proteja a la exmandataria y que puedan darle detenci\u00f3n domiciliaria teniendo en cuenta su estado de salud.<\/p>\n\n\n\n<p>Luis Guill\u00e9n, uno de los abogados de \u00c1\u00f1ez, explic\u00f3 este viernes a Efe que en la v\u00edspera presentaron la solicitud de medida cautelar a la CorteIDH para \u00absolicitar que pueda conminar al Estado boliviano a que se haga plausible que \u00c1\u00f1ez se beneficie con detenci\u00f3n domiciliaria\u00bb.<\/p>\n\n\n\n<p>El abogado indic\u00f3 que es necesario que el Estado proteja a la exmandataria teniendo en cuenta que se ha \u00abvulnerado sistem\u00e1ticamente la salud\u00bb f\u00edsica y mental de \u00c1\u00f1ez.<\/p>\n\n\n\n<p>La expresidenta lleva m\u00e1s de cinco meses en detenci\u00f3n preventiva en un penal de mujeres en La Paz por el caso denominado \u00abgolpe de Estado\u00bb en el que se la acusa de supuesta sedici\u00f3n y conspiraci\u00f3n durante la crisis de 2019.<\/p>\n\n\n\n<p>\u00c1\u00f1ez sali\u00f3 este mes a realizarse varias pruebas m\u00e9dicas y psiqui\u00e1tricas por la hipertensi\u00f3n arterial y el s\u00edndrome depresivo que padece, adem\u00e1s por las autolesiones que se gener\u00f3 en los brazos con un clip.<\/p>\n\n\n\n<p>EFE<\/p>\n","protected":false},"excerpt":{"rendered":"<p>La defensa de la expresidenta transitoria de Bolivia Jeanine \u00c1\u00f1ez acudi\u00f3 a la Corte Interamericana de Derechos Humanos (CorteIDH) para solicitar una medida cautelar para que el Estado boliviano proteja a la exmandataria y que puedan darle detenci\u00f3n domiciliaria teniendo en cuenta su estado de salud. Luis Guill\u00e9n, uno de los abogados de \u00c1\u00f1ez, explic\u00f3 [&hellip;]<\/p>\n","protected":false},"author":2,"featured_media":197730,"comment_status":"closed","ping_status":"closed","sticky":false,"template":"","format":"standard","meta":{"footnotes":""},"categories":[5,8],"tags":[],"class_list":{"0":"post-197729","1":"post","2":"type-post","3":"status-publish","4":"format-standard","5":"has-post-thumbnail","7":"category-destacado","8":"category-internacionales"},"_links":{"self":[{"href":"https:\/\/elluchador.info\/index.php?rest_route=\/wp\/v2\/posts\/197729","targetHints":{"allow":["GET"]}}],"collection":[{"href":"https:\/\/elluchador.info\/index.php?rest_route=\/wp\/v2\/posts"}],"about":[{"href":"https:\/\/elluchador.info\/index.php?rest_route=\/wp\/v2\/types\/post"}],"author":[{"embeddable":true,"href":"https:\/\/elluchador.info\/index.php?rest_route=\/wp\/v2\/users\/2"}],"replies":[{"embeddable":true,"href":"https:\/\/elluchador.info\/index.php?rest_route=%2Fwp%2Fv2%2Fcomments&post=197729"}],"version-history":[{"count":1,"href":"https:\/\/elluchador.info\/index.php?rest_route=\/wp\/v2\/posts\/197729\/revisions"}],"predecessor-version":[{"id":197731,"href":"https:\/\/elluchador.info\/index.php?rest_route=\/wp\/v2\/posts\/197729\/revisions\/197731"}],"wp:featuredmedia":[{"embeddable":true,"href":"https:\/\/elluchador.info\/index.php?rest_route=\/wp\/v2\/media\/197730"}],"wp:attachment":[{"href":"https:\/\/elluchador.info\/index.php?rest_route=%2Fwp%2Fv2%2Fmedia&parent=197729"}],"wp:term":[{"taxonomy":"category","embeddable":true,"href":"https:\/\/elluchador.info\/index.php?rest_route=%2Fwp%2Fv2%2Fcategories&post=197729"},{"taxonomy":"post_tag","embeddable":true,"href":"https:\/\/elluchador.info\/index.php?rest_route=%2Fwp%2Fv2%2Ftags&post=197729"}],"curies":[{"name":"wp","href":"https:\/\/api.w.org\/{rel}","templated":true}]}}