{"id":197732,"date":"2021-08-27T20:20:12","date_gmt":"2021-08-28T00:20:12","guid":{"rendered":"https:\/\/elluchador.info\/web\/?p=197732"},"modified":"2021-08-27T20:20:15","modified_gmt":"2021-08-28T00:20:15","slug":"delincuentes-comunes-ejecutaron-308-de-los-femicidios-este-mes","status":"publish","type":"post","link":"https:\/\/elluchador.info\/?p=197732","title":{"rendered":"Delincuentes comunes ejecutaron 30,8% de los femicidios este mes"},"content":{"rendered":"\n<p><br>Seg\u00fan datos aportados por la responsable de Incidencia del Centro de Justicia y Paz, Sara Fern\u00e1ndez, en Venezuela se han registrado m\u00e1s de 150 femicidios, \u00ablas v\u00edctimas fueron mujeres muy j\u00f3venes en 11.5 % de los casos eran menores de 12 a\u00f1os de edad\u2026 23 % de ellos, entre 22 y 23 a\u00f1os de edad\u00bb.\u00abTambi\u00e9n observamos que en 34 % de los casos no hab\u00eda una relaci\u00f3n entre la v\u00edctima y el agresor\u00bb, indic\u00f3.<\/p>\n\n\n\n<p>En entrevista con Vanessa Davies, en \u00abPor d\u00f3nde vamos\u00bb, la abogada precis\u00f3 que los escenarios en los que se han registrado los femicidios ha cambiado, \u00abcambio la motivaci\u00f3n en este mes encontramos que la mujer fue v\u00edctima por venganza o enfrentamientos entre bandas organizadas\u00bb.<\/p>\n\n\n\n<p>Uni\u00f3n Radio<\/p>\n","protected":false},"excerpt":{"rendered":"<p>Seg\u00fan datos aportados por la responsable de Incidencia del Centro de Justicia y Paz, Sara Fern\u00e1ndez, en Venezuela se han registrado m\u00e1s de 150 femicidios, \u00ablas v\u00edctimas fueron mujeres muy j\u00f3venes en 11.5 % de los casos eran menores de 12 a\u00f1os de edad\u2026 23 % de ellos, entre 22 y 23 a\u00f1os de edad\u00bb.\u00abTambi\u00e9n [&hellip;]<\/p>\n","protected":false},"author":2,"featured_media":197733,"comment_status":"closed","ping_status":"closed","sticky":false,"template":"","format":"standard","meta":{"footnotes":""},"categories":[5,9],"tags":[],"class_list":{"0":"post-197732","1":"post","2":"type-post","3":"status-publish","4":"format-standard","5":"has-post-thumbnail","7":"category-destacado","8":"category-nacionales"},"_links":{"self":[{"href":"https:\/\/elluchador.info\/index.php?rest_route=\/wp\/v2\/posts\/197732","targetHints":{"allow":["GET"]}}],"collection":[{"href":"https:\/\/elluchador.info\/index.php?rest_route=\/wp\/v2\/posts"}],"about":[{"href":"https:\/\/elluchador.info\/index.php?rest_route=\/wp\/v2\/types\/post"}],"author":[{"embeddable":true,"href":"https:\/\/elluchador.info\/index.php?rest_route=\/wp\/v2\/users\/2"}],"replies":[{"embeddable":true,"href":"https:\/\/elluchador.info\/index.php?rest_route=%2Fwp%2Fv2%2Fcomments&post=197732"}],"version-history":[{"count":1,"href":"https:\/\/elluchador.info\/index.php?rest_route=\/wp\/v2\/posts\/197732\/revisions"}],"predecessor-version":[{"id":197734,"href":"https:\/\/elluchador.info\/index.php?rest_route=\/wp\/v2\/posts\/197732\/revisions\/197734"}],"wp:featuredmedia":[{"embeddable":true,"href":"https:\/\/elluchador.info\/index.php?rest_route=\/wp\/v2\/media\/197733"}],"wp:attachment":[{"href":"https:\/\/elluchador.info\/index.php?rest_route=%2Fwp%2Fv2%2Fmedia&parent=197732"}],"wp:term":[{"taxonomy":"category","embeddable":true,"href":"https:\/\/elluchador.info\/index.php?rest_route=%2Fwp%2Fv2%2Fcategories&post=197732"},{"taxonomy":"post_tag","embeddable":true,"href":"https:\/\/elluchador.info\/index.php?rest_route=%2Fwp%2Fv2%2Ftags&post=197732"}],"curies":[{"name":"wp","href":"https:\/\/api.w.org\/{rel}","templated":true}]}}