{"id":197735,"date":"2021-08-27T20:47:23","date_gmt":"2021-08-28T00:47:23","guid":{"rendered":"https:\/\/elluchador.info\/web\/?p=197735"},"modified":"2021-08-27T20:47:27","modified_gmt":"2021-08-28T00:47:27","slug":"empresarios-urgen-por-soluciones-para-generar-progreso","status":"publish","type":"post","link":"https:\/\/elluchador.info\/?p=197735","title":{"rendered":"Empresarios urgen por soluciones para generar progreso"},"content":{"rendered":"\n<p>El vicepresidente de Fedec\u00e1maras, Adan Celis, afirm\u00f3 este viernes que es urgente \u00abun giro\u00bb en las pol\u00edticas econ\u00f3micas para crear las condiciones adecuadas que permitan generar progreso en Venezuela.<\/p>\n\n\n\n<p>Asegur\u00f3 que \u00abla gente no puede seguir esperando tantas reuniones, tantas cosas y no se cambia en el fondo el marco jur\u00eddico. Lo que afecta aqu\u00ed es la forma de llevar la econom\u00eda\u00bb.<\/p>\n\n\n\n<p>\u00abDe esos di\u00e1logos o de esas reuniones de negociaci\u00f3n tenemos que empezar a darle soluciones, que se modifiquen leyes. Aqu\u00ed hay leyes que ni se aplican y lo que hacen es trabar la econom\u00eda\u00bb, dijo.<\/p>\n\n\n\n<p>En entrevista concedida a Rom\u00e1n Lozinski en el circuito \u00c9xitos que transmite Uni\u00f3n Radio, resalt\u00f3 la importancia de buscar la forma de recuperar el ingreso de los venezolanos.<\/p>\n\n\n\n<p>Lluvias<\/p>\n\n\n\n<p>Celis inform\u00f3 que actualmente elaboran un inventario del da\u00f1o ocasionado por las m\u00e1s recientes lluvias sobre los sectores productivos y \u00abmuy especialmente en la parte agr\u00edcola\u00bb.<\/p>\n\n\n\n<p>\u00abEstamos trabajando en eso para tambi\u00e9n colaborar con nuestros empresarios locales y darle un aliento, ayuda y colaboraci\u00f3n en todo lo que sea para recuperar su negocio y que puedan seguir adelante\u00bb, dijo.<\/p>\n\n\n\n<p>Coment\u00f3 que los empresarios venezolanos han organizado y enviado insumos de primera necesidad para los afectados por las fuertes precipitaciones que se registraron a inicio de la semana en zonas del estado M\u00e9rida.<\/p>\n","protected":false},"excerpt":{"rendered":"<p>El vicepresidente de Fedec\u00e1maras, Adan Celis, afirm\u00f3 este viernes que es urgente \u00abun giro\u00bb en las pol\u00edticas econ\u00f3micas para crear las condiciones adecuadas que permitan generar progreso en Venezuela. Asegur\u00f3 que \u00abla gente no puede seguir esperando tantas reuniones, tantas cosas y no se cambia en el fondo el marco jur\u00eddico. Lo que afecta aqu\u00ed [&hellip;]<\/p>\n","protected":false},"author":2,"featured_media":197736,"comment_status":"closed","ping_status":"closed","sticky":false,"template":"","format":"standard","meta":{"footnotes":""},"categories":[5,6],"tags":[],"class_list":{"0":"post-197735","1":"post","2":"type-post","3":"status-publish","4":"format-standard","5":"has-post-thumbnail","7":"category-destacado","8":"category-economia"},"_links":{"self":[{"href":"https:\/\/elluchador.info\/index.php?rest_route=\/wp\/v2\/posts\/197735","targetHints":{"allow":["GET"]}}],"collection":[{"href":"https:\/\/elluchador.info\/index.php?rest_route=\/wp\/v2\/posts"}],"about":[{"href":"https:\/\/elluchador.info\/index.php?rest_route=\/wp\/v2\/types\/post"}],"author":[{"embeddable":true,"href":"https:\/\/elluchador.info\/index.php?rest_route=\/wp\/v2\/users\/2"}],"replies":[{"embeddable":true,"href":"https:\/\/elluchador.info\/index.php?rest_route=%2Fwp%2Fv2%2Fcomments&post=197735"}],"version-history":[{"count":1,"href":"https:\/\/elluchador.info\/index.php?rest_route=\/wp\/v2\/posts\/197735\/revisions"}],"predecessor-version":[{"id":197737,"href":"https:\/\/elluchador.info\/index.php?rest_route=\/wp\/v2\/posts\/197735\/revisions\/197737"}],"wp:featuredmedia":[{"embeddable":true,"href":"https:\/\/elluchador.info\/index.php?rest_route=\/wp\/v2\/media\/197736"}],"wp:attachment":[{"href":"https:\/\/elluchador.info\/index.php?rest_route=%2Fwp%2Fv2%2Fmedia&parent=197735"}],"wp:term":[{"taxonomy":"category","embeddable":true,"href":"https:\/\/elluchador.info\/index.php?rest_route=%2Fwp%2Fv2%2Fcategories&post=197735"},{"taxonomy":"post_tag","embeddable":true,"href":"https:\/\/elluchador.info\/index.php?rest_route=%2Fwp%2Fv2%2Ftags&post=197735"}],"curies":[{"name":"wp","href":"https:\/\/api.w.org\/{rel}","templated":true}]}}