{"id":197788,"date":"2021-08-28T11:35:00","date_gmt":"2021-08-28T15:35:00","guid":{"rendered":"https:\/\/elluchador.info\/web\/?p=197788"},"modified":"2021-08-28T11:27:13","modified_gmt":"2021-08-28T15:27:13","slug":"inameh-fenomeno-de-la-nina-podria-llegar-al-pais-a-final-de-ano","status":"publish","type":"post","link":"https:\/\/elluchador.info\/?p=197788","title":{"rendered":"Inameh: Fen\u00f3meno de la Ni\u00f1a podr\u00eda llegar al pa\u00eds a final de a\u00f1o"},"content":{"rendered":"\n<p>El Instituto Nacional de Meteorolog\u00eda e Hidrolog\u00eda (Inameh) prev\u00e9 la llegada del fen\u00f3meno de la Ni\u00f1a para finales del 2021.<\/p>\n\n\n\n<p>El presidente de Inameh, Jos\u00e9 Pereira, se\u00f1al\u00f3 que este fen\u00f3meno natural ocasiona el enfriamiento del Pac\u00edfico y el calentamiento del Atl\u00e1ntico y El Caribe por lo que a mayor temperatura en el mar Caribe m\u00e1s evaporaci\u00f3n y precipitaciones.<\/p>\n\n\n\n<p>Destac\u00f3 que actualmente el pa\u00eds atraviesa un per\u00edodo lluvioso tormentoso que podr\u00eda extenderse hasta mediados de septiembre.<\/p>\n\n\n\n<p>Agreg\u00f3 que la onda tropical n\u00famero 40 viene con poca nubosidad asociada y destac\u00f3 que en el pa\u00eds hay actualmente un m\u00e1ximo calentamiento.<\/p>\n\n\n\n<p>\u201cLa inclinaci\u00f3n solar est\u00e1 al norte, al tener mayor temperatura, mayor radiaci\u00f3n, tenemos mayor evaporaci\u00f3n y esa evaporaci\u00f3n se origina de manera muy violenta\u201d, dijo Pereira.<\/p>\n\n\n\n<p>Se\u00f1al\u00f3 que las precipitaciones del 23 de agosto de este a\u00f1o fueron una clara se\u00f1al del cambio clim\u00e1tico.<\/p>\n\n\n\n<p>\u201cHay menos d\u00edas de precipitaciones, pero cuando llueve se hacen m\u00e1s intensa; regiones como Yaracuy, Cojedes y los Andes, se registraron en pocas horas las precipitaciones de 1 mes\u201d, manifest\u00f3.<\/p>\n\n\n\n<p>Vtv<\/p>\n","protected":false},"excerpt":{"rendered":"<p>El Instituto Nacional de Meteorolog\u00eda e Hidrolog\u00eda (Inameh) prev\u00e9 la llegada del fen\u00f3meno de la Ni\u00f1a para finales del 2021. El presidente de Inameh, Jos\u00e9 Pereira, se\u00f1al\u00f3 que este fen\u00f3meno natural ocasiona el enfriamiento del Pac\u00edfico y el calentamiento del Atl\u00e1ntico y El Caribe por lo que a mayor temperatura en el mar Caribe m\u00e1s [&hellip;]<\/p>\n","protected":false},"author":2,"featured_media":197789,"comment_status":"closed","ping_status":"closed","sticky":false,"template":"","format":"standard","meta":{"footnotes":""},"categories":[5,9],"tags":[],"class_list":{"0":"post-197788","1":"post","2":"type-post","3":"status-publish","4":"format-standard","5":"has-post-thumbnail","7":"category-destacado","8":"category-nacionales"},"_links":{"self":[{"href":"https:\/\/elluchador.info\/index.php?rest_route=\/wp\/v2\/posts\/197788","targetHints":{"allow":["GET"]}}],"collection":[{"href":"https:\/\/elluchador.info\/index.php?rest_route=\/wp\/v2\/posts"}],"about":[{"href":"https:\/\/elluchador.info\/index.php?rest_route=\/wp\/v2\/types\/post"}],"author":[{"embeddable":true,"href":"https:\/\/elluchador.info\/index.php?rest_route=\/wp\/v2\/users\/2"}],"replies":[{"embeddable":true,"href":"https:\/\/elluchador.info\/index.php?rest_route=%2Fwp%2Fv2%2Fcomments&post=197788"}],"version-history":[{"count":1,"href":"https:\/\/elluchador.info\/index.php?rest_route=\/wp\/v2\/posts\/197788\/revisions"}],"predecessor-version":[{"id":197790,"href":"https:\/\/elluchador.info\/index.php?rest_route=\/wp\/v2\/posts\/197788\/revisions\/197790"}],"wp:featuredmedia":[{"embeddable":true,"href":"https:\/\/elluchador.info\/index.php?rest_route=\/wp\/v2\/media\/197789"}],"wp:attachment":[{"href":"https:\/\/elluchador.info\/index.php?rest_route=%2Fwp%2Fv2%2Fmedia&parent=197788"}],"wp:term":[{"taxonomy":"category","embeddable":true,"href":"https:\/\/elluchador.info\/index.php?rest_route=%2Fwp%2Fv2%2Fcategories&post=197788"},{"taxonomy":"post_tag","embeddable":true,"href":"https:\/\/elluchador.info\/index.php?rest_route=%2Fwp%2Fv2%2Ftags&post=197788"}],"curies":[{"name":"wp","href":"https:\/\/api.w.org\/{rel}","templated":true}]}}