{"id":197801,"date":"2021-08-30T08:56:50","date_gmt":"2021-08-30T12:56:50","guid":{"rendered":"https:\/\/elluchador.info\/web\/?p=197801"},"modified":"2021-08-30T08:56:51","modified_gmt":"2021-08-30T12:56:51","slug":"la-oms-esta-muy-preocupada-por-subida-de-contagios-y-pide-impulsar-la-vacunacion","status":"publish","type":"post","link":"https:\/\/elluchador.info\/?p=197801","title":{"rendered":"La OMS est\u00e1 \u00abmuy preocupada\u00bb por subida de contagios y pide impulsar la vacunaci\u00f3n"},"content":{"rendered":"\n<p>La Organizaci\u00f3n Mundial de la Salud (OMS) se mostr\u00f3 este lunes \u00abmuy preocupada\u00bb por la subida de los contagios de coronavirus registrada en Europa las \u00faltimas semanas, lo que unido al bajo \u00edndice de vacunaci\u00f3n en grupos prioritarios en algunos pa\u00edses hace necesario impulsar el proceso de inmunizaci\u00f3n en el continente.<\/p>\n\n\n\n<p>De los 53 estados miembros de la regi\u00f3n europea de la OMS, 33 registraron una subida del 10 % en la incidencia de nuevos casos en los \u00faltimos 14 d\u00edas y varios est\u00e1n observando un aumento de los ingresos hospitalarios y de las muertes, que podr\u00edan ascender a 236.000 de aqu\u00ed al 1 de diciembre, seg\u00fan la \u00faltima proyecci\u00f3n.<\/p>\n\n\n\n<p>La regi\u00f3n europea ha notificado desde el inicio de la pandemia 64 millones de casos y 1,3 millones de muertes, de acuerdo con cifras de la OMS, que atribuye la subida de casos a la mayor presencia de la variante Delta, m\u00e1s contagiosa; la relajaci\u00f3n de las restricciones y el aumento de los viajes.<\/p>\n\n\n\n<p>\u00abDebemos ser firmes para mantener las m\u00faltiples l\u00edneas de protecci\u00f3n, incluyendo vacunaci\u00f3n y mascarillas. Las vacunas son el camino hacia reabrir las sociedades y estabilizar las econom\u00edas\u00bb, se\u00f1al\u00f3 en rueda de prensa el director de OMS-Europa, Hans Kluge.<\/p>\n\n\n\n<p>Kluge destac\u00f3 que casi la mitad de la poblaci\u00f3n de la regi\u00f3n europea de la OMS ha completado la vacunaci\u00f3n, pero lament\u00f3 que en las \u00faltimas seis semanas el proceso se haya ralentizado por falta de acceso a las vacunas en algunos pa\u00edses y falta de aceptaci\u00f3n en otros.<\/p>\n\n\n\n<p>\u00abHay una clara necesidad de aumentar la producci\u00f3n, compartir dosis y mejorar el acceso a las vacunas de los estados miembros para poder ofrecer una serie completa de vacunaci\u00f3n a la poblaci\u00f3n\u00bb, dijo Kluge.<\/p>\n\n\n\n<p>El director de OMS-Europa considera prioritario que las autoridades sanitarias examinen al detalle qu\u00e9 determina el grado de aceptaci\u00f3n de las vacunas en los distintos grupos de poblaci\u00f3n y desarrollen luego estrategias concretas a nivel comunitario para impulsarlo.<\/p>\n\n\n\n<h3 class=\"wp-block-heading\">LA TERCERA DOSIS NO ES UN REFUERZO \u00abDE LUJO\u00bb<\/h3>\n\n\n\n<p>La OMS inst\u00f3 a aquellos pa\u00edses con exceso de vacuna a compartirlas con otros, con especial atenci\u00f3n a los del este de Europa y a \u00c1frica, pero defendi\u00f3 a la vez la importancia de suministrar una tercera dosis a los grupos de riesgo.<\/p>\n\n\n\n<p>\u00abUna tercera dosis no es un refuerzo de lujo que se le saca a alguien que espera por la primera. Es una forma de mantener a salvo a los m\u00e1s vulnerables\u00bb, afirm\u00f3 Kluge.<\/p>\n\n\n\n<p>Kluge se mostr\u00f3 no obstante prudente y a\u00f1adi\u00f3 que todav\u00eda no hay pruebas suficientes sobre la dosis de refuerzo, aunque cada vez m\u00e1s estudios apuntan a su efectividad para los grupos de riesgo.<\/p>\n\n\n\n<h3 class=\"wp-block-heading\">DINAMARCA, UNA EXCEPCI\u00d3N EN EL MARCO EUROPEO<\/h3>\n\n\n\n<p>El m\u00e1ximo responsable de OMS-Europa advirti\u00f3 de la importancia de que las autoridades nacionales no se precipiten a la hora de levantar restricciones y consider\u00f3 una excepci\u00f3n el caso de Dinamarca, donde las mascarillas no son obligatorias en ning\u00fan contexto desde hace semanas y cuyo gobierno levantar\u00e1 el d\u00eda 10 las restricciones restantes.<\/p>\n\n\n\n<p>Kluge aludi\u00f3 a que este pa\u00eds, en el que algo m\u00e1s del 71 % de la poblaci\u00f3n total ha completado la pauta, es \u00abun campe\u00f3n en la aceptaci\u00f3n de la vacuna\u00bb y que tiene el nivel m\u00e1s alto de poblaci\u00f3n que conf\u00eda en la inmunizaci\u00f3n.<\/p>\n\n\n\n<p>Mencion\u00f3 asimismo la estrategia de test masivos y secuenciaci\u00f3n de pruebas que siguen desde hace meses las autoridades sanitarias danesas como otra de las claves y record\u00f3 que estas no descartan establecer restricciones locales si el contagio se vuelve a disparar.<\/p>\n\n\n\n<p>Dinamarca, que tiene una de las mortalidades m\u00e1s bajas por covid-19 en Europa, considera controlada la epidemia, a pesar de que la incidencia de nuevos casos en las dos semanas anteriores es de 232,18, seg\u00fan el \u00faltimo informe del Centro Europeo para la Prevenci\u00f3n y el Control de Enfermedades (ECDC).<\/p>\n\n\n\n<h3 class=\"wp-block-heading\">LLAMAMIENTO A MANTENER ABIERTAS LAS ESCUELAS<\/h3>\n\n\n\n<p>La OMS reiter\u00f3 su llamamiento a que los gobiernos europeos abran las escuelas para que los ni\u00f1os puedan seguir clases presenciales el pr\u00f3ximo curso 2021-2022, a los que ha recomendado aplicar medidas de prevenci\u00f3n para minimizar el riesgo de contagio de coronavirus.<\/p>\n\n\n\n<p>Entre esas medidas la OMS menciona ofrecer a los profesores y el resto del personal la posibilidad de vacunarse, lo que tambi\u00e9n deben hacer los escolares mayores de doce a\u00f1os que sufran alguna enfermedad o condici\u00f3n que los haga particularmente vulnerables en caso de contraer la covid-19.<\/p>\n\n\n\n<p>Asegurar la ventilaci\u00f3n en el interior de las aulas, reducir en lo posible el tama\u00f1o de las clases, mantener la distancia f\u00edsica y que alumnos y empleados se hagan test de forma regular son otras de las recomendaciones.<\/p>\n\n\n\n<p>\u00abNuestros ni\u00f1os han sufrido mucho los \u00faltimos veinte meses, especialmente los que eran vulnerables o no pod\u00edan beneficiarse de la ense\u00f1anza digital. Al contrario que hace un a\u00f1o, ahora estamos en una posici\u00f3n de mantenerlos a salvo\u00bb, afirm\u00f3 Kluge.<\/p>\n\n\n\n<p> <strong>EFE<\/strong> <\/p>\n","protected":false},"excerpt":{"rendered":"<p>La Organizaci\u00f3n Mundial de la Salud (OMS) se mostr\u00f3 este lunes \u00abmuy preocupada\u00bb por la subida de los contagios de coronavirus registrada en Europa las \u00faltimas semanas, lo que unido al bajo \u00edndice de vacunaci\u00f3n en grupos prioritarios en algunos pa\u00edses hace necesario impulsar el proceso de inmunizaci\u00f3n en el continente. De los 53 estados [&hellip;]<\/p>\n","protected":false},"author":2,"featured_media":197802,"comment_status":"closed","ping_status":"closed","sticky":false,"template":"","format":"standard","meta":{"footnotes":""},"categories":[5,19],"tags":[],"class_list":{"0":"post-197801","1":"post","2":"type-post","3":"status-publish","4":"format-standard","5":"has-post-thumbnail","7":"category-destacado","8":"category-salud"},"_links":{"self":[{"href":"https:\/\/elluchador.info\/index.php?rest_route=\/wp\/v2\/posts\/197801","targetHints":{"allow":["GET"]}}],"collection":[{"href":"https:\/\/elluchador.info\/index.php?rest_route=\/wp\/v2\/posts"}],"about":[{"href":"https:\/\/elluchador.info\/index.php?rest_route=\/wp\/v2\/types\/post"}],"author":[{"embeddable":true,"href":"https:\/\/elluchador.info\/index.php?rest_route=\/wp\/v2\/users\/2"}],"replies":[{"embeddable":true,"href":"https:\/\/elluchador.info\/index.php?rest_route=%2Fwp%2Fv2%2Fcomments&post=197801"}],"version-history":[{"count":1,"href":"https:\/\/elluchador.info\/index.php?rest_route=\/wp\/v2\/posts\/197801\/revisions"}],"predecessor-version":[{"id":197803,"href":"https:\/\/elluchador.info\/index.php?rest_route=\/wp\/v2\/posts\/197801\/revisions\/197803"}],"wp:featuredmedia":[{"embeddable":true,"href":"https:\/\/elluchador.info\/index.php?rest_route=\/wp\/v2\/media\/197802"}],"wp:attachment":[{"href":"https:\/\/elluchador.info\/index.php?rest_route=%2Fwp%2Fv2%2Fmedia&parent=197801"}],"wp:term":[{"taxonomy":"category","embeddable":true,"href":"https:\/\/elluchador.info\/index.php?rest_route=%2Fwp%2Fv2%2Fcategories&post=197801"},{"taxonomy":"post_tag","embeddable":true,"href":"https:\/\/elluchador.info\/index.php?rest_route=%2Fwp%2Fv2%2Ftags&post=197801"}],"curies":[{"name":"wp","href":"https:\/\/api.w.org\/{rel}","templated":true}]}}