{"id":197813,"date":"2021-08-30T09:33:55","date_gmt":"2021-08-30T13:33:55","guid":{"rendered":"https:\/\/elluchador.info\/web\/?p=197813"},"modified":"2021-08-30T09:33:56","modified_gmt":"2021-08-30T13:33:56","slug":"asesinaron-a-tres-personas-en-una-zona-fronteriza-entre-colombia-y-venezuela","status":"publish","type":"post","link":"https:\/\/elluchador.info\/?p=197813","title":{"rendered":"Asesinaron a tres personas en una zona fronteriza entre Colombia y Venezuela"},"content":{"rendered":"\n<p>Desconocidos asesinaron a tres personas y dejaron una m\u00e1s herida en un ataque armado en una zona rural de C\u00facuta, capital del departamento de Norte de Santander y ciudad que tiene el principal paso fronterizo de Colombia con Venezuela, informaron este domingo las autoridades locales.<\/p>\n\n\n\n<p>El comandante de la\u00a0<a href=\"https:\/\/twitter.com\/policiacucuta?lang=es\">Polic\u00eda de C\u00facuta<\/a>, general \u00d3scar Moreno, dijo a los periodistas que el crimen ocurri\u00f3 en un sector conocido como Puente Le\u00f3n, donde las autoridades encontraron \u00abuna persona herida con arma de fuego y tres personas muertas\u00bb.<\/p>\n\n\n\n<p>\u00abEl enfrentamiento que sostienen el ELN y el Clan del Golfo nos deja este resultado negativo que afecta la tranquilidad de los ciudadanos en el sector rural\u00bb, dijo el oficial, que no precis\u00f3 qui\u00e9nes son las v\u00edctimas mortales ni a qu\u00e9 se dedicaban.<\/p>\n\n\n\n<p>El Instituto de Estudios para el Desarrollo y la Paz se\u00f1al\u00f3 que&nbsp; lo ocurrido en C\u00facuta es la masacre n\u00famero 68 que ha sido perpetrada en el pa\u00eds en lo que va de a\u00f1o.<\/p>\n\n\n\n<p>Ese organismo record\u00f3 que la Defensor\u00eda del Pueblo emiti\u00f3 el a\u00f1o pasado una alerta temprana para C\u00facuta en la que advierte de \u00abla expansi\u00f3n de los grupos armados en la zona rural de este municipio, as\u00ed como disputas entre los actores armados que han ocasionado homicidios selectivos, descuartizamientos, desapariciones y amenazas\u00bb.<\/p>\n\n\n\n<p>La guerrilla del ELN, al igual que las disidencias de las FARC y otros grupos armados y narcotraficantes, como el Clan del Golfo, se disputan el control de esa regi\u00f3n para quedarse con los cultivos de drogas y las rutas del narcotr\u00e1fico.<\/p>\n\n\n\n<h2 class=\"wp-block-heading\">Violencia en C\u00facuta<\/h2>\n\n\n\n<p>El pasado 25 de junio seis disparos impactaron en el helic\u00f3ptero presidencial -en el que viajaban el mandatario Iv\u00e1n Duque, dos de sus ministros y varios funcionarios regionales, que salieron ilesos- cuando se aproximaba a C\u00facuta.<\/p>\n\n\n\n<p>Diez d\u00edas antes un carro bomba explot\u00f3 en la sede de la Brigada 30 del Ej\u00e9rcito en C\u00facuta, en la que hab\u00eda personal militar de Estados Unidos, y resultaron heridas 36 personas.<\/p>\n\n\n\n<p>Esos ataques fueron achacados a la disidencia del Frente 33 de la antigua guerrilla de las FARC, liderada por Javier Alonso Garc\u00eda Veloza, alias \u00abJhon Mechas\u00bb y quien, seg\u00fan las autoridades colombianas, se refugia en Venezuela.<\/p>\n\n\n\n<p><strong>El Nacional<\/strong><\/p>\n","protected":false},"excerpt":{"rendered":"<p>Desconocidos asesinaron a tres personas y dejaron una m\u00e1s herida en un ataque armado en una zona rural de C\u00facuta, capital del departamento de Norte de Santander y ciudad que tiene el principal paso fronterizo de Colombia con Venezuela, informaron este domingo las autoridades locales. El comandante de la\u00a0Polic\u00eda de C\u00facuta, general \u00d3scar Moreno, dijo [&hellip;]<\/p>\n","protected":false},"author":2,"featured_media":197814,"comment_status":"closed","ping_status":"closed","sticky":false,"template":"","format":"standard","meta":{"footnotes":""},"categories":[13],"tags":[],"class_list":{"0":"post-197813","1":"post","2":"type-post","3":"status-publish","4":"format-standard","5":"has-post-thumbnail","7":"category-sucesos"},"_links":{"self":[{"href":"https:\/\/elluchador.info\/index.php?rest_route=\/wp\/v2\/posts\/197813","targetHints":{"allow":["GET"]}}],"collection":[{"href":"https:\/\/elluchador.info\/index.php?rest_route=\/wp\/v2\/posts"}],"about":[{"href":"https:\/\/elluchador.info\/index.php?rest_route=\/wp\/v2\/types\/post"}],"author":[{"embeddable":true,"href":"https:\/\/elluchador.info\/index.php?rest_route=\/wp\/v2\/users\/2"}],"replies":[{"embeddable":true,"href":"https:\/\/elluchador.info\/index.php?rest_route=%2Fwp%2Fv2%2Fcomments&post=197813"}],"version-history":[{"count":1,"href":"https:\/\/elluchador.info\/index.php?rest_route=\/wp\/v2\/posts\/197813\/revisions"}],"predecessor-version":[{"id":197815,"href":"https:\/\/elluchador.info\/index.php?rest_route=\/wp\/v2\/posts\/197813\/revisions\/197815"}],"wp:featuredmedia":[{"embeddable":true,"href":"https:\/\/elluchador.info\/index.php?rest_route=\/wp\/v2\/media\/197814"}],"wp:attachment":[{"href":"https:\/\/elluchador.info\/index.php?rest_route=%2Fwp%2Fv2%2Fmedia&parent=197813"}],"wp:term":[{"taxonomy":"category","embeddable":true,"href":"https:\/\/elluchador.info\/index.php?rest_route=%2Fwp%2Fv2%2Fcategories&post=197813"},{"taxonomy":"post_tag","embeddable":true,"href":"https:\/\/elluchador.info\/index.php?rest_route=%2Fwp%2Fv2%2Ftags&post=197813"}],"curies":[{"name":"wp","href":"https:\/\/api.w.org\/{rel}","templated":true}]}}