{"id":197860,"date":"2021-08-30T17:42:29","date_gmt":"2021-08-30T21:42:29","guid":{"rendered":"https:\/\/elluchador.info\/web\/?p=197860"},"modified":"2021-08-30T17:42:31","modified_gmt":"2021-08-30T21:42:31","slug":"ida-causo-dano-masivo-en-el-sur-de-eeuu","status":"publish","type":"post","link":"https:\/\/elluchador.info\/?p=197860","title":{"rendered":"Ida caus\u00f3 da\u00f1o masivo en el sur de EEUU"},"content":{"rendered":"\n<p>\u00abSabemos que el hurac\u00e1n Ida ten\u00eda el potencial de causar da\u00f1os masivos y eso fue exactamente lo que vimos\u00bb, se\u00f1al\u00f3 Biden en una reuni\u00f3n con gobernadores y alcaldes de los estados afectados.<\/p>\n\n\n\n<p> El presidente de Estados Unidos,\u00a0<strong>Joe Biden, advirti\u00f3 este lunes que el da\u00f1o causado por el hurac\u00e1n Ida sigue siendo \u00abmasivo\u00bb<\/strong>\u00a0a su paso por las costas del pa\u00eds.<\/p>\n\n\n\n<p>El mandatario apunt\u00f3 que es probable que la cifra de muertos aumente a medida que las operaciones de b\u00fasqueda y rescate prosigan en las zonas afectadas.<\/p>\n\n\n\n<p>En estos momentos,<strong>\u00a0todav\u00eda las marejadas cicl\u00f3nicas siguen activas y se registran intensas precipitaciones, inundaciones repentinas y carreteras intransitables<\/strong>\u00a0debido a la acumulaci\u00f3n de escombros y tendido el\u00e9ctrico ca\u00eddo.<\/p>\n\n\n\n<p>Biden confirm\u00f3 que las tareas de b\u00fasqueda y rescate ya est\u00e1n en marcha con m\u00e1s de 5.000 efectivos de la Guardia Nacional desplegados en los estados de Luisiana, Misisipi, Alabama y Texas.<\/p>\n\n\n\n<blockquote class=\"wp-block-quote is-layout-flow wp-block-quote-is-layout-flow\"><p>\u00abLe he pedido a la Administraci\u00f3n Federal de Aviaci\u00f3n que trabaje hoy con las compa\u00f1\u00edas el\u00e9ctricas de Luisiana y Misisipi para el uso de drones de vigilancia y evaluar los da\u00f1os a la infraestructura energ\u00e9tica\u00bb, explic\u00f3.<\/p><\/blockquote>\n\n\n\n<p>EFE<a href=\"https:\/\/unionradio.net\/espana-iniciara-contactos-con-gobierno-y-oposicion-venezolanos\/\"><\/a><\/p>\n","protected":false},"excerpt":{"rendered":"<p>\u00abSabemos que el hurac\u00e1n Ida ten\u00eda el potencial de causar da\u00f1os masivos y eso fue exactamente lo que vimos\u00bb, se\u00f1al\u00f3 Biden en una reuni\u00f3n con gobernadores y alcaldes de los estados afectados. El presidente de Estados Unidos,\u00a0Joe Biden, advirti\u00f3 este lunes que el da\u00f1o causado por el hurac\u00e1n Ida sigue siendo \u00abmasivo\u00bb\u00a0a su paso por [&hellip;]<\/p>\n","protected":false},"author":2,"featured_media":197861,"comment_status":"closed","ping_status":"closed","sticky":false,"template":"","format":"standard","meta":{"footnotes":""},"categories":[5,8],"tags":[],"class_list":{"0":"post-197860","1":"post","2":"type-post","3":"status-publish","4":"format-standard","5":"has-post-thumbnail","7":"category-destacado","8":"category-internacionales"},"_links":{"self":[{"href":"https:\/\/elluchador.info\/index.php?rest_route=\/wp\/v2\/posts\/197860","targetHints":{"allow":["GET"]}}],"collection":[{"href":"https:\/\/elluchador.info\/index.php?rest_route=\/wp\/v2\/posts"}],"about":[{"href":"https:\/\/elluchador.info\/index.php?rest_route=\/wp\/v2\/types\/post"}],"author":[{"embeddable":true,"href":"https:\/\/elluchador.info\/index.php?rest_route=\/wp\/v2\/users\/2"}],"replies":[{"embeddable":true,"href":"https:\/\/elluchador.info\/index.php?rest_route=%2Fwp%2Fv2%2Fcomments&post=197860"}],"version-history":[{"count":1,"href":"https:\/\/elluchador.info\/index.php?rest_route=\/wp\/v2\/posts\/197860\/revisions"}],"predecessor-version":[{"id":197862,"href":"https:\/\/elluchador.info\/index.php?rest_route=\/wp\/v2\/posts\/197860\/revisions\/197862"}],"wp:featuredmedia":[{"embeddable":true,"href":"https:\/\/elluchador.info\/index.php?rest_route=\/wp\/v2\/media\/197861"}],"wp:attachment":[{"href":"https:\/\/elluchador.info\/index.php?rest_route=%2Fwp%2Fv2%2Fmedia&parent=197860"}],"wp:term":[{"taxonomy":"category","embeddable":true,"href":"https:\/\/elluchador.info\/index.php?rest_route=%2Fwp%2Fv2%2Fcategories&post=197860"},{"taxonomy":"post_tag","embeddable":true,"href":"https:\/\/elluchador.info\/index.php?rest_route=%2Fwp%2Fv2%2Ftags&post=197860"}],"curies":[{"name":"wp","href":"https:\/\/api.w.org\/{rel}","templated":true}]}}