{"id":197876,"date":"2021-08-30T22:03:24","date_gmt":"2021-08-31T02:03:24","guid":{"rendered":"https:\/\/elluchador.info\/web\/?p=197876"},"modified":"2021-08-30T22:03:26","modified_gmt":"2021-08-31T02:03:26","slug":"destacan-importancia-de-crear-una-legislacion-sobre-el-cambio-climatico","status":"publish","type":"post","link":"https:\/\/elluchador.info\/?p=197876","title":{"rendered":"Destacan importancia de crear una legislaci\u00f3n sobre el cambio clim\u00e1tico"},"content":{"rendered":"\n<p>La ministra consejera y jefa de negociaci\u00f3n para el cambio clim\u00e1tico, Isabel Di Cario, considera necesario \u00abconstruir\u00bb un debate nacional entorno a c\u00f3mo deber\u00eda ser una legislaci\u00f3n sobre el cambio clim\u00e1tico.<\/p>\n\n\n\n<p>Afirm\u00f3 que el cambio clim\u00e1tico tiene que ser visto \u00abdesde lo local hacia lo nacional\u00bb puesto que involucra a toda la poblaci\u00f3n.<\/p>\n\n\n\n<p>\u00abRequiere una respuesta nacional a trav\u00e9s de los entes competentes (\u2026) para que las pol\u00edticas p\u00fablicas que se realicen est\u00e9n bien dirigidas a atender las situaciones que se van identificando\u00bb, dijo.<\/p>\n\n\n\n<p>En entrevista concedida a Uni\u00f3n Radio, destac\u00f3 los instrumentos legales que se han avanzado en el pa\u00eds asociados al cambio clim\u00e1tico.<\/p>\n\n\n\n<p>Uni\u00f3n Radio<\/p>\n","protected":false},"excerpt":{"rendered":"<p>La ministra consejera y jefa de negociaci\u00f3n para el cambio clim\u00e1tico, Isabel Di Cario, considera necesario \u00abconstruir\u00bb un debate nacional entorno a c\u00f3mo deber\u00eda ser una legislaci\u00f3n sobre el cambio clim\u00e1tico. Afirm\u00f3 que el cambio clim\u00e1tico tiene que ser visto \u00abdesde lo local hacia lo nacional\u00bb puesto que involucra a toda la poblaci\u00f3n. \u00abRequiere una [&hellip;]<\/p>\n","protected":false},"author":2,"featured_media":197877,"comment_status":"closed","ping_status":"closed","sticky":false,"template":"","format":"standard","meta":{"footnotes":""},"categories":[5,8],"tags":[],"class_list":{"0":"post-197876","1":"post","2":"type-post","3":"status-publish","4":"format-standard","5":"has-post-thumbnail","7":"category-destacado","8":"category-internacionales"},"_links":{"self":[{"href":"https:\/\/elluchador.info\/index.php?rest_route=\/wp\/v2\/posts\/197876","targetHints":{"allow":["GET"]}}],"collection":[{"href":"https:\/\/elluchador.info\/index.php?rest_route=\/wp\/v2\/posts"}],"about":[{"href":"https:\/\/elluchador.info\/index.php?rest_route=\/wp\/v2\/types\/post"}],"author":[{"embeddable":true,"href":"https:\/\/elluchador.info\/index.php?rest_route=\/wp\/v2\/users\/2"}],"replies":[{"embeddable":true,"href":"https:\/\/elluchador.info\/index.php?rest_route=%2Fwp%2Fv2%2Fcomments&post=197876"}],"version-history":[{"count":1,"href":"https:\/\/elluchador.info\/index.php?rest_route=\/wp\/v2\/posts\/197876\/revisions"}],"predecessor-version":[{"id":197878,"href":"https:\/\/elluchador.info\/index.php?rest_route=\/wp\/v2\/posts\/197876\/revisions\/197878"}],"wp:featuredmedia":[{"embeddable":true,"href":"https:\/\/elluchador.info\/index.php?rest_route=\/wp\/v2\/media\/197877"}],"wp:attachment":[{"href":"https:\/\/elluchador.info\/index.php?rest_route=%2Fwp%2Fv2%2Fmedia&parent=197876"}],"wp:term":[{"taxonomy":"category","embeddable":true,"href":"https:\/\/elluchador.info\/index.php?rest_route=%2Fwp%2Fv2%2Fcategories&post=197876"},{"taxonomy":"post_tag","embeddable":true,"href":"https:\/\/elluchador.info\/index.php?rest_route=%2Fwp%2Fv2%2Ftags&post=197876"}],"curies":[{"name":"wp","href":"https:\/\/api.w.org\/{rel}","templated":true}]}}