{"id":197891,"date":"2021-08-30T22:21:14","date_gmt":"2021-08-31T02:21:14","guid":{"rendered":"https:\/\/elluchador.info\/web\/?p=197891"},"modified":"2021-08-30T22:21:15","modified_gmt":"2021-08-31T02:21:15","slug":"adultos-mayores-de-60-anos-podran-vacunarse-sin-cita-hasta-el-5-s","status":"publish","type":"post","link":"https:\/\/elluchador.info\/?p=197891","title":{"rendered":"Adultos mayores de 60 a\u00f1os podr\u00e1n vacunarse sin cita hasta el 5-S"},"content":{"rendered":"\n<p><br>La vicepresidenta Ejecutiva, Delcy Rodr\u00edguez, inform\u00f3 que las personas mayores de 60 a\u00f1os pueden acudir a cualquier centro de vacunaci\u00f3n sin cita, a partir de este 30 de agosto y hasta el pr\u00f3ximo 5 de septiembre.\u00abEntre el 30 de agosto y el 5 de septiembre aquellas personas mayores de 60 a\u00f1os que a\u00fan no se han vacunado, puede ir a cualquier centro de vacunaci\u00f3n y se les va a disponer la vacuna, sin cita, c\u00f3mo se viene haciendo por la plataforma Patria\u00bb.<\/p>\n\n\n\n<p>Rodr\u00edguez asegur\u00f3 que tambi\u00e9n se profundizar\u00e1n las jornadas de vacunaci\u00f3n en las entidades con mayor incremento de casos por covid-19, \u00abllevando la meta a 300 mil vacunados por d\u00eda\u00bb.<\/p>\n\n\n\n<p>Estar\u00e1n disponibles puntos de vacunaci\u00f3n en los mercados municipales y ampliar\u00e1 los horarios de atenci\u00f3n en los centros de vacunaci\u00f3n.<\/p>\n\n\n\n<p>A partir del 5 de septiembre, los mayores de 50 a\u00f1os que tampoco se han inoculado podr\u00e1n acudir a cualquier lugar establecido sin cita.<\/p>\n\n\n\n<p>El ministro de Salud, Carlos Alvarado, precis\u00f3 que a la nueva etapa de vacunaci\u00f3n se incorporan los trabajadores de la educaci\u00f3n en todos sus niveles, para que al inicio de clases semipresenciales en octubre esta poblaci\u00f3n est\u00e9 vacunada.<\/p>\n\n\n\n<p>\u00abAdem\u00e1s activaremos el casa por casa para buscar a adultos mayores que no hayan podido vacunarse por problemas de movilidad, a embarazadas con m\u00e1s de 15 semanas de gestaci\u00f3n y a aquellas con discapacidad\u00bb, manifest\u00f3.<\/p>\n\n\n\n<p>SOn 452 centros de vacunaci\u00f3n activos a nivel nacional.<\/p>\n","protected":false},"excerpt":{"rendered":"<p>La vicepresidenta Ejecutiva, Delcy Rodr\u00edguez, inform\u00f3 que las personas mayores de 60 a\u00f1os pueden acudir a cualquier centro de vacunaci\u00f3n sin cita, a partir de este 30 de agosto y hasta el pr\u00f3ximo 5 de septiembre.\u00abEntre el 30 de agosto y el 5 de septiembre aquellas personas mayores de 60 a\u00f1os que a\u00fan no se [&hellip;]<\/p>\n","protected":false},"author":2,"featured_media":197892,"comment_status":"closed","ping_status":"closed","sticky":false,"template":"","format":"standard","meta":{"footnotes":""},"categories":[5,9],"tags":[],"class_list":{"0":"post-197891","1":"post","2":"type-post","3":"status-publish","4":"format-standard","5":"has-post-thumbnail","7":"category-destacado","8":"category-nacionales"},"_links":{"self":[{"href":"https:\/\/elluchador.info\/index.php?rest_route=\/wp\/v2\/posts\/197891","targetHints":{"allow":["GET"]}}],"collection":[{"href":"https:\/\/elluchador.info\/index.php?rest_route=\/wp\/v2\/posts"}],"about":[{"href":"https:\/\/elluchador.info\/index.php?rest_route=\/wp\/v2\/types\/post"}],"author":[{"embeddable":true,"href":"https:\/\/elluchador.info\/index.php?rest_route=\/wp\/v2\/users\/2"}],"replies":[{"embeddable":true,"href":"https:\/\/elluchador.info\/index.php?rest_route=%2Fwp%2Fv2%2Fcomments&post=197891"}],"version-history":[{"count":1,"href":"https:\/\/elluchador.info\/index.php?rest_route=\/wp\/v2\/posts\/197891\/revisions"}],"predecessor-version":[{"id":197893,"href":"https:\/\/elluchador.info\/index.php?rest_route=\/wp\/v2\/posts\/197891\/revisions\/197893"}],"wp:featuredmedia":[{"embeddable":true,"href":"https:\/\/elluchador.info\/index.php?rest_route=\/wp\/v2\/media\/197892"}],"wp:attachment":[{"href":"https:\/\/elluchador.info\/index.php?rest_route=%2Fwp%2Fv2%2Fmedia&parent=197891"}],"wp:term":[{"taxonomy":"category","embeddable":true,"href":"https:\/\/elluchador.info\/index.php?rest_route=%2Fwp%2Fv2%2Fcategories&post=197891"},{"taxonomy":"post_tag","embeddable":true,"href":"https:\/\/elluchador.info\/index.php?rest_route=%2Fwp%2Fv2%2Ftags&post=197891"}],"curies":[{"name":"wp","href":"https:\/\/api.w.org\/{rel}","templated":true}]}}