{"id":197917,"date":"2021-08-31T10:15:14","date_gmt":"2021-08-31T14:15:14","guid":{"rendered":"https:\/\/elluchador.info\/web\/?p=197917"},"modified":"2021-08-31T10:15:16","modified_gmt":"2021-08-31T14:15:16","slug":"mexico-arranca-nuevo-ciclo-escolar-con-clases-presenciales-y-en-linea","status":"publish","type":"post","link":"https:\/\/elluchador.info\/?p=197917","title":{"rendered":"M\u00e9xico arranca nuevo ciclo escolar con clases presenciales y en l\u00ednea"},"content":{"rendered":"\n<p>Unas 230.000 escuelas de nivel b\u00e1sico, tanto p\u00fablicas como privadas de M\u00e9xico, que se mantuvieron cerradas por m\u00e1s de a\u00f1o y medio por la enfermedad del nuevo coronavirus (COVID-19), abrieron hoy lunes sus puertas para que los alumnos regresen a clases presenciales en este nuevo ciclo escolar 2021-2022.<\/p>\n\n\n\n<p>La Secretar\u00eda (ministerio) de Educaci\u00f3n P\u00fablica dio el arranque oficial del inicio escolar 2021-2022 apostando al compromiso y participaci\u00f3n de toda la sociedad para cumplir \u00abcon todas las medidas sanitarias que permitan un retorno seguro a las escuelas\u00bb, dijo su titular Delfina G\u00f3mez desde el estado de Veracruz (este).<\/p>\n\n\n\n<p>La dependencia calcul\u00f3 que unos 24 millones de estudiantes de preescolar, primaria y secundaria iniciar\u00e1n el ciclo escolar para el presente periodo de manera presencial o en l\u00ednea, en tanto que la Secretar\u00eda (ministerio) de Salud report\u00f3 una baja de 18 por ciento en los contagios de la COVID-19 durante la tercera ola.<\/p>\n\n\n\n<p>El ni\u00f1o \u00abPaco\u00bb, de siete a\u00f1os, pas\u00f3 a segundo de primaria en una escuela en el este de la Ciudad de M\u00e9xico, adonde lleg\u00f3 temprano con cubrebocas, gel antibacterial y una peque\u00f1a mochila al hombro.<\/p>\n\n\n\n<p>El alumno cont\u00f3 a Xinhua despu\u00e9s de su primer d\u00eda de clases que no olvid\u00f3 las recomendaciones de casa y de su maestra, de \u00abno quitarme cubrebocas y no le d\u00e9 a nadie mis \u00fatiles ni mi comida\u00bb.<\/p>\n\n\n\n<p>Guadalupe Areli Arellano, mam\u00e1 del menor de edad, explic\u00f3 en entrevista que la decisi\u00f3n de regresar a clases presenciales a su hijo obedeci\u00f3 a que en las escuela le dijeron que ya no iban a dar clases virtuales como tal, sino en televisi\u00f3n (bajo el programa Aprendiendo en casa) y \u00abas\u00ed no conviene y por eso pues decidimos regresar a clase presencial\u00bb.<\/p>\n\n\n\n<p>Arellano admiti\u00f3 que, al igual que otros padres de familia, est\u00e1n conscientes de que hay \u00abun miedo por la COVID-19, pero es algo con lo que tenemos que aprender a vivir, porque a mi hijo no siempre lo voy a poder tener en casa, y si lo tengo ah\u00ed no va aprender nada\u00bb.<\/p>\n\n\n\n<p>\u00abEs un d\u00eda muy importante (&#8230;) estamos regresando a clases presenciales en el pa\u00eds el d\u00eda de hoy\u00bb, explic\u00f3 la ma\u00f1ana de este lunes el presidente de M\u00e9xico, Andr\u00e9s Manuel L\u00f3pez Obrador.<\/p>\n\n\n\n<p>Las secretar\u00edas de Educaci\u00f3n y de Salud cuentan con un protocolo para el regreso a clases tanto para alumnos como para maestros y padres de familia.<\/p>\n\n\n\n<p>De acuerdo con la Secretar\u00eda de Salud, hasta el domingo sumaban 3.335.700 casos y 258.165 defunciones por la COVID-19 desde marzo de 2020.<\/p>\n\n\n\n<p><strong>Xinhua<\/strong><\/p>\n","protected":false},"excerpt":{"rendered":"<p>Unas 230.000 escuelas de nivel b\u00e1sico, tanto p\u00fablicas como privadas de M\u00e9xico, que se mantuvieron cerradas por m\u00e1s de a\u00f1o y medio por la enfermedad del nuevo coronavirus (COVID-19), abrieron hoy lunes sus puertas para que los alumnos regresen a clases presenciales en este nuevo ciclo escolar 2021-2022. La Secretar\u00eda (ministerio) de Educaci\u00f3n P\u00fablica dio [&hellip;]<\/p>\n","protected":false},"author":2,"featured_media":197918,"comment_status":"closed","ping_status":"closed","sticky":false,"template":"","format":"standard","meta":{"footnotes":""},"categories":[8],"tags":[],"class_list":{"0":"post-197917","1":"post","2":"type-post","3":"status-publish","4":"format-standard","5":"has-post-thumbnail","7":"category-internacionales"},"_links":{"self":[{"href":"https:\/\/elluchador.info\/index.php?rest_route=\/wp\/v2\/posts\/197917","targetHints":{"allow":["GET"]}}],"collection":[{"href":"https:\/\/elluchador.info\/index.php?rest_route=\/wp\/v2\/posts"}],"about":[{"href":"https:\/\/elluchador.info\/index.php?rest_route=\/wp\/v2\/types\/post"}],"author":[{"embeddable":true,"href":"https:\/\/elluchador.info\/index.php?rest_route=\/wp\/v2\/users\/2"}],"replies":[{"embeddable":true,"href":"https:\/\/elluchador.info\/index.php?rest_route=%2Fwp%2Fv2%2Fcomments&post=197917"}],"version-history":[{"count":1,"href":"https:\/\/elluchador.info\/index.php?rest_route=\/wp\/v2\/posts\/197917\/revisions"}],"predecessor-version":[{"id":197919,"href":"https:\/\/elluchador.info\/index.php?rest_route=\/wp\/v2\/posts\/197917\/revisions\/197919"}],"wp:featuredmedia":[{"embeddable":true,"href":"https:\/\/elluchador.info\/index.php?rest_route=\/wp\/v2\/media\/197918"}],"wp:attachment":[{"href":"https:\/\/elluchador.info\/index.php?rest_route=%2Fwp%2Fv2%2Fmedia&parent=197917"}],"wp:term":[{"taxonomy":"category","embeddable":true,"href":"https:\/\/elluchador.info\/index.php?rest_route=%2Fwp%2Fv2%2Fcategories&post=197917"},{"taxonomy":"post_tag","embeddable":true,"href":"https:\/\/elluchador.info\/index.php?rest_route=%2Fwp%2Fv2%2Ftags&post=197917"}],"curies":[{"name":"wp","href":"https:\/\/api.w.org\/{rel}","templated":true}]}}