{"id":197956,"date":"2021-08-31T21:09:18","date_gmt":"2021-09-01T01:09:18","guid":{"rendered":"https:\/\/elluchador.info\/web\/?p=197956"},"modified":"2021-08-31T21:09:19","modified_gmt":"2021-09-01T01:09:19","slug":"gobierno-y-oposicion-van-a-segunda-ronda-del-dialogo-en-mexico","status":"publish","type":"post","link":"https:\/\/elluchador.info\/?p=197956","title":{"rendered":"Gobierno y oposici\u00f3n van a segunda ronda del di\u00e1logo en M\u00e9xico"},"content":{"rendered":"\n<p>El presidente de la Asamblea Nacional (AN), Jorge Rodr\u00edguez, confirm\u00f3 que el pr\u00f3ximo viernes el oficialismo se reunir\u00e1 nuevamente con la oposici\u00f3n en M\u00e9xico, en cumplimiento del memor\u00e1ndum de entendimiento.\u00abSe instala la primera deliberaci\u00f3n entre la delegaci\u00f3n de nueve miembros del gobierno bolivariano, as\u00ed determinado en el memor\u00e1ndum de entendimiento que se firm\u00f3 el pasado 13 de agosto, y los representantes de los restos del guaidocismo\u00bb.<\/p>\n\n\n\n<p>El jefe de Estado, Nicol\u00e1s Maduro, agradeci\u00f3 a Rodr\u00edguez su trabajo en la Mesa de Di\u00e1logo que, a su criterio, conllev\u00f3 a la participaci\u00f3n de la oposici\u00f3n en los venideros comicios.<\/p>\n\n\n\n<p>\u00abJorge Rodr\u00edguez los convenci\u00f3, Jorge los convenci\u00f3 a mi nombre, claro est\u00e1, tambi\u00e9n me reun\u00ed con ellos para ir rehaciendo los v\u00ednculos\u00bb.<\/p>\n\n\n\n<p>Agreg\u00f3 que llevar\u00e1 ante la naci\u00f3n azteca un nuevo petitorio econ\u00f3mico que permitan liberar los fondos venezolanos que permanecen bloqueados.<\/p>\n\n\n\n<p>\u00abNos sentaremos en M\u00e9xico con un nuevo petitorio para levantar todo el tema econ\u00f3mico empezando porque nos devuelvan el oro\u00bb.<\/p>\n\n\n\n<p>Uni\u00f3n Radio<\/p>\n","protected":false},"excerpt":{"rendered":"<p>El presidente de la Asamblea Nacional (AN), Jorge Rodr\u00edguez, confirm\u00f3 que el pr\u00f3ximo viernes el oficialismo se reunir\u00e1 nuevamente con la oposici\u00f3n en M\u00e9xico, en cumplimiento del memor\u00e1ndum de entendimiento.\u00abSe instala la primera deliberaci\u00f3n entre la delegaci\u00f3n de nueve miembros del gobierno bolivariano, as\u00ed determinado en el memor\u00e1ndum de entendimiento que se firm\u00f3 el pasado [&hellip;]<\/p>\n","protected":false},"author":2,"featured_media":197957,"comment_status":"closed","ping_status":"closed","sticky":false,"template":"","format":"standard","meta":{"footnotes":""},"categories":[5,9,11],"tags":[],"class_list":{"0":"post-197956","1":"post","2":"type-post","3":"status-publish","4":"format-standard","5":"has-post-thumbnail","7":"category-destacado","8":"category-nacionales","9":"category-politica"},"_links":{"self":[{"href":"https:\/\/elluchador.info\/index.php?rest_route=\/wp\/v2\/posts\/197956","targetHints":{"allow":["GET"]}}],"collection":[{"href":"https:\/\/elluchador.info\/index.php?rest_route=\/wp\/v2\/posts"}],"about":[{"href":"https:\/\/elluchador.info\/index.php?rest_route=\/wp\/v2\/types\/post"}],"author":[{"embeddable":true,"href":"https:\/\/elluchador.info\/index.php?rest_route=\/wp\/v2\/users\/2"}],"replies":[{"embeddable":true,"href":"https:\/\/elluchador.info\/index.php?rest_route=%2Fwp%2Fv2%2Fcomments&post=197956"}],"version-history":[{"count":1,"href":"https:\/\/elluchador.info\/index.php?rest_route=\/wp\/v2\/posts\/197956\/revisions"}],"predecessor-version":[{"id":197958,"href":"https:\/\/elluchador.info\/index.php?rest_route=\/wp\/v2\/posts\/197956\/revisions\/197958"}],"wp:featuredmedia":[{"embeddable":true,"href":"https:\/\/elluchador.info\/index.php?rest_route=\/wp\/v2\/media\/197957"}],"wp:attachment":[{"href":"https:\/\/elluchador.info\/index.php?rest_route=%2Fwp%2Fv2%2Fmedia&parent=197956"}],"wp:term":[{"taxonomy":"category","embeddable":true,"href":"https:\/\/elluchador.info\/index.php?rest_route=%2Fwp%2Fv2%2Fcategories&post=197956"},{"taxonomy":"post_tag","embeddable":true,"href":"https:\/\/elluchador.info\/index.php?rest_route=%2Fwp%2Fv2%2Ftags&post=197956"}],"curies":[{"name":"wp","href":"https:\/\/api.w.org\/{rel}","templated":true}]}}