{"id":197959,"date":"2021-08-31T21:13:00","date_gmt":"2021-09-01T01:13:00","guid":{"rendered":"https:\/\/elluchador.info\/web\/?p=197959"},"modified":"2021-08-31T21:13:03","modified_gmt":"2021-09-01T01:13:03","slug":"autoridades-supervisaran-clinicas-privadas-tras-diversas-denuncias","status":"publish","type":"post","link":"https:\/\/elluchador.info\/?p=197959","title":{"rendered":"Autoridades supervisar\u00e1n cl\u00ednicas privadas tras diversas denuncias"},"content":{"rendered":"\n<p>La subcomisi\u00f3n de Salud de la Asamblea Nacional, la Defensor\u00eda del Pueblo y otros entes del Estado acordaron un despliegue para la supervisi\u00f3n de las cl\u00ednicas privadas en Miranda, La Guaira y Distrito Capital, por denuncias de supuesta sobrefacturaci\u00f3n y malos tratos a los pacientes.En dicho encuentro asistieron representantes de la Superintendencia Nacional para la Defensa de los Derechos Socioecon\u00f3micos (Sundde), la Superintendencia para la Actividad Aseguradora, Asamblea Nacional (AN), Defensa P\u00fablica, Ministerio del Comercio Nacional y Ministerio para la Salud, entre otros.<\/p>\n\n\n\n<p>Tambi\u00e9n se acord\u00f3 la creaci\u00f3n de la Superintendencia de las Cl\u00ednicas Privadas, con la que se ayudar\u00e1 a aglutinar todas las medidas de respuesta y seguimiento que el Estado debe tener para canalizar las denuncias.<\/p>\n\n\n\n<p>Por su parte, el defensor del Pueblo, Alfredo Ruiz, indic\u00f3 que \u201cestamos en plena inspecci\u00f3n de todos los centros de salud, sobre todo en los de hemodi\u00e1lisis. Tambi\u00e9n se trat\u00f3 el tema sobre las fiscalizaciones que ha hecho la AN en cl\u00ednicas privadas de Barinas y Apure\u201d.<\/p>\n\n\n\n<p>Es por ello, que el titular del ente defensorial coment\u00f3 que ya existe un baremo para la atenci\u00f3n de los pacientes con la afecci\u00f3n de la Covid19 en los centros de salud privados, el cual se logr\u00f3 gracias a la mesa de trabajo celebrada con las autoridades en materia de salud, el pasado mes de julio.<\/p>\n\n\n\n<p>NP\/Uni\u00f3n Radio<\/p>\n","protected":false},"excerpt":{"rendered":"<p>La subcomisi\u00f3n de Salud de la Asamblea Nacional, la Defensor\u00eda del Pueblo y otros entes del Estado acordaron un despliegue para la supervisi\u00f3n de las cl\u00ednicas privadas en Miranda, La Guaira y Distrito Capital, por denuncias de supuesta sobrefacturaci\u00f3n y malos tratos a los pacientes.En dicho encuentro asistieron representantes de la Superintendencia Nacional para la [&hellip;]<\/p>\n","protected":false},"author":2,"featured_media":197960,"comment_status":"closed","ping_status":"closed","sticky":false,"template":"","format":"standard","meta":{"footnotes":""},"categories":[5,9],"tags":[],"class_list":{"0":"post-197959","1":"post","2":"type-post","3":"status-publish","4":"format-standard","5":"has-post-thumbnail","7":"category-destacado","8":"category-nacionales"},"_links":{"self":[{"href":"https:\/\/elluchador.info\/index.php?rest_route=\/wp\/v2\/posts\/197959","targetHints":{"allow":["GET"]}}],"collection":[{"href":"https:\/\/elluchador.info\/index.php?rest_route=\/wp\/v2\/posts"}],"about":[{"href":"https:\/\/elluchador.info\/index.php?rest_route=\/wp\/v2\/types\/post"}],"author":[{"embeddable":true,"href":"https:\/\/elluchador.info\/index.php?rest_route=\/wp\/v2\/users\/2"}],"replies":[{"embeddable":true,"href":"https:\/\/elluchador.info\/index.php?rest_route=%2Fwp%2Fv2%2Fcomments&post=197959"}],"version-history":[{"count":1,"href":"https:\/\/elluchador.info\/index.php?rest_route=\/wp\/v2\/posts\/197959\/revisions"}],"predecessor-version":[{"id":197961,"href":"https:\/\/elluchador.info\/index.php?rest_route=\/wp\/v2\/posts\/197959\/revisions\/197961"}],"wp:featuredmedia":[{"embeddable":true,"href":"https:\/\/elluchador.info\/index.php?rest_route=\/wp\/v2\/media\/197960"}],"wp:attachment":[{"href":"https:\/\/elluchador.info\/index.php?rest_route=%2Fwp%2Fv2%2Fmedia&parent=197959"}],"wp:term":[{"taxonomy":"category","embeddable":true,"href":"https:\/\/elluchador.info\/index.php?rest_route=%2Fwp%2Fv2%2Fcategories&post=197959"},{"taxonomy":"post_tag","embeddable":true,"href":"https:\/\/elluchador.info\/index.php?rest_route=%2Fwp%2Fv2%2Ftags&post=197959"}],"curies":[{"name":"wp","href":"https:\/\/api.w.org\/{rel}","templated":true}]}}