{"id":197996,"date":"2021-09-01T19:24:28","date_gmt":"2021-09-01T23:24:28","guid":{"rendered":"https:\/\/elluchador.info\/web\/?p=197996"},"modified":"2021-09-01T19:24:30","modified_gmt":"2021-09-01T23:24:30","slug":"fieles-celebran-tradicional-bajada-de-la-virgen-del-valle-con-limitaciones","status":"publish","type":"post","link":"https:\/\/elluchador.info\/?p=197996","title":{"rendered":"Fieles celebran tradicional bajada de la Virgen del Valle con limitaciones"},"content":{"rendered":"\n<p>Los devotos y fieles de la Virgen del Valle realizaron este mi\u00e9rcoles 1 de septiembre la tradicional bajada de la patrona del oriente venezolano, en medio de las limitaciones propias de la pandemia.El obispo de la Di\u00f3cesis de Margarita, monse\u00f1or Fernando Castro, celebr\u00f3 la homil\u00eda por la bajada de la Virgen del Valle a los 100 a\u00f1os de su coronaci\u00f3n can\u00f3nica y 100 de su declaratoria como patrona de Oriente.<\/p>\n\n\n\n<p>El m\u00e1ximo representante de la iglesia en Nueva Esparta pidi\u00f3 mejor calidad de vida para los isle\u00f1os, \u00abhe rezado por las necesidades de tanta gente que son tan duras, falta de comida, soledad b\u00fasqueda desesperada de medicinas\u00bb.<\/p>\n\n\n\n<figure class=\"wp-block-embed is-type-rich is-provider-twitter wp-block-embed-twitter\"><div class=\"wp-block-embed__wrapper\">\n<blockquote class=\"twitter-tweet\" data-width=\"550\" data-dnt=\"true\"><p lang=\"es\" dir=\"ltr\">ENTRONIZADA. Con la tradicional bajada de la Virgen del Valle desde su camer\u00edn, se inician formalmente las festividades en su honor. Monse\u00f1or Fernando Castro Aguayo, obispo de la Di\u00f3cesis de Margarita, clam\u00f3 en la misa por mejores condiciones de vida para los neoespartanos <a href=\"https:\/\/t.co\/b2TyEsHYFD\">pic.twitter.com\/b2TyEsHYFD<\/a><\/p>&mdash; DEXCY GU\u00c9DEZ (@dexcyguedez) <a href=\"https:\/\/twitter.com\/dexcyguedez\/status\/1433107185437921281?ref_src=twsrc%5Etfw\">September 1, 2021<\/a><\/blockquote><script async src=\"https:\/\/platform.twitter.com\/widgets.js\" charset=\"utf-8\"><\/script>\n<\/div><\/figure>\n","protected":false},"excerpt":{"rendered":"<p>Los devotos y fieles de la Virgen del Valle realizaron este mi\u00e9rcoles 1 de septiembre la tradicional bajada de la patrona del oriente venezolano, en medio de las limitaciones propias de la pandemia.El obispo de la Di\u00f3cesis de Margarita, monse\u00f1or Fernando Castro, celebr\u00f3 la homil\u00eda por la bajada de la Virgen del Valle a los [&hellip;]<\/p>\n","protected":false},"author":2,"featured_media":197997,"comment_status":"closed","ping_status":"closed","sticky":false,"template":"","format":"standard","meta":{"footnotes":""},"categories":[5,9],"tags":[],"class_list":{"0":"post-197996","1":"post","2":"type-post","3":"status-publish","4":"format-standard","5":"has-post-thumbnail","7":"category-destacado","8":"category-nacionales"},"_links":{"self":[{"href":"https:\/\/elluchador.info\/index.php?rest_route=\/wp\/v2\/posts\/197996","targetHints":{"allow":["GET"]}}],"collection":[{"href":"https:\/\/elluchador.info\/index.php?rest_route=\/wp\/v2\/posts"}],"about":[{"href":"https:\/\/elluchador.info\/index.php?rest_route=\/wp\/v2\/types\/post"}],"author":[{"embeddable":true,"href":"https:\/\/elluchador.info\/index.php?rest_route=\/wp\/v2\/users\/2"}],"replies":[{"embeddable":true,"href":"https:\/\/elluchador.info\/index.php?rest_route=%2Fwp%2Fv2%2Fcomments&post=197996"}],"version-history":[{"count":1,"href":"https:\/\/elluchador.info\/index.php?rest_route=\/wp\/v2\/posts\/197996\/revisions"}],"predecessor-version":[{"id":197998,"href":"https:\/\/elluchador.info\/index.php?rest_route=\/wp\/v2\/posts\/197996\/revisions\/197998"}],"wp:featuredmedia":[{"embeddable":true,"href":"https:\/\/elluchador.info\/index.php?rest_route=\/wp\/v2\/media\/197997"}],"wp:attachment":[{"href":"https:\/\/elluchador.info\/index.php?rest_route=%2Fwp%2Fv2%2Fmedia&parent=197996"}],"wp:term":[{"taxonomy":"category","embeddable":true,"href":"https:\/\/elluchador.info\/index.php?rest_route=%2Fwp%2Fv2%2Fcategories&post=197996"},{"taxonomy":"post_tag","embeddable":true,"href":"https:\/\/elluchador.info\/index.php?rest_route=%2Fwp%2Fv2%2Ftags&post=197996"}],"curies":[{"name":"wp","href":"https:\/\/api.w.org\/{rel}","templated":true}]}}