{"id":197999,"date":"2021-09-01T19:31:39","date_gmt":"2021-09-01T23:31:39","guid":{"rendered":"https:\/\/elluchador.info\/web\/?p=197999"},"modified":"2021-09-01T19:31:43","modified_gmt":"2021-09-01T23:31:43","slug":"cne-prorrogo-por-24-horas-el-lapso-para-las-postulaciones","status":"publish","type":"post","link":"https:\/\/elluchador.info\/?p=197999","title":{"rendered":"CNE prorrog\u00f3 por 24 horas el lapso para las postulaciones"},"content":{"rendered":"\n<p>El Consejo Nacional Electoral extendi\u00f3 por 24 horas el lapso para las inscripciones de candidaturas a las elecciones regionales y municipales de noviembre que venc\u00eda este mi\u00e9rcoles, tras un primer plazo.<\/p>\n\n\n\n<p>El ente electoral detall\u00f3 el pasado viernes que hasta esa fecha se hab\u00edan recibido 17.615 postulaciones a nivel nacional: 278 para gobernaciones, 1.354 para cargos de legisladores, 1.651 para alcaldes y 14.332 para concejales.<\/p>\n\n\n\n<p>El rector, Roberto Pic\u00f3n, manifest\u00f3 que existen \u00abretrasos importantes\u00bb para el registro de nombres de quienes se medir\u00e1n en las Asambleas Legislativas y Concejos Municipales en todos los principales grupos de alianza.<\/p>\n\n\n\n<p>\u00abHasta el d\u00eda de ayer habr\u00eda atrasos importantes en el tema de las Asambleas Legislativas y Concejos Municipales en todos los principales grupos de alianzas\u00bb, expres\u00f3 en Uni\u00f3n Radio.<\/p>\n\n\n\n<p><\/p>\n\n\n\n<figure class=\"wp-block-embed is-type-rich is-provider-twitter wp-block-embed-twitter\"><div class=\"wp-block-embed__wrapper\">\n<blockquote class=\"twitter-tweet\" data-width=\"550\" data-dnt=\"true\"><p lang=\"es\" dir=\"ltr\">CNE extiende lapso de postulaciones por 24 horas<br><br>El Consejo Nacional Electoral (CNE) decidi\u00f3, por unanimidad, la extensi\u00f3n por 24 horas del lapso de postulaciones de candidatas y candidatos a las Elecciones Regionales y Municipales 2021. <a href=\"https:\/\/t.co\/lcs6ylycdq\">pic.twitter.com\/lcs6ylycdq<\/a><\/p>&mdash; cneesvenezuela (@cneesvzla) <a href=\"https:\/\/twitter.com\/cneesvzla\/status\/1433201033774239751?ref_src=twsrc%5Etfw\">September 1, 2021<\/a><\/blockquote><script async src=\"https:\/\/platform.twitter.com\/widgets.js\" charset=\"utf-8\"><\/script>\n<\/div><\/figure>\n","protected":false},"excerpt":{"rendered":"<p>El Consejo Nacional Electoral extendi\u00f3 por 24 horas el lapso para las inscripciones de candidaturas a las elecciones regionales y municipales de noviembre que venc\u00eda este mi\u00e9rcoles, tras un primer plazo. El ente electoral detall\u00f3 el pasado viernes que hasta esa fecha se hab\u00edan recibido 17.615 postulaciones a nivel nacional: 278 para gobernaciones, 1.354 para [&hellip;]<\/p>\n","protected":false},"author":2,"featured_media":198000,"comment_status":"closed","ping_status":"closed","sticky":false,"template":"","format":"standard","meta":{"footnotes":""},"categories":[5,9],"tags":[],"class_list":{"0":"post-197999","1":"post","2":"type-post","3":"status-publish","4":"format-standard","5":"has-post-thumbnail","7":"category-destacado","8":"category-nacionales"},"_links":{"self":[{"href":"https:\/\/elluchador.info\/index.php?rest_route=\/wp\/v2\/posts\/197999","targetHints":{"allow":["GET"]}}],"collection":[{"href":"https:\/\/elluchador.info\/index.php?rest_route=\/wp\/v2\/posts"}],"about":[{"href":"https:\/\/elluchador.info\/index.php?rest_route=\/wp\/v2\/types\/post"}],"author":[{"embeddable":true,"href":"https:\/\/elluchador.info\/index.php?rest_route=\/wp\/v2\/users\/2"}],"replies":[{"embeddable":true,"href":"https:\/\/elluchador.info\/index.php?rest_route=%2Fwp%2Fv2%2Fcomments&post=197999"}],"version-history":[{"count":1,"href":"https:\/\/elluchador.info\/index.php?rest_route=\/wp\/v2\/posts\/197999\/revisions"}],"predecessor-version":[{"id":198001,"href":"https:\/\/elluchador.info\/index.php?rest_route=\/wp\/v2\/posts\/197999\/revisions\/198001"}],"wp:featuredmedia":[{"embeddable":true,"href":"https:\/\/elluchador.info\/index.php?rest_route=\/wp\/v2\/media\/198000"}],"wp:attachment":[{"href":"https:\/\/elluchador.info\/index.php?rest_route=%2Fwp%2Fv2%2Fmedia&parent=197999"}],"wp:term":[{"taxonomy":"category","embeddable":true,"href":"https:\/\/elluchador.info\/index.php?rest_route=%2Fwp%2Fv2%2Fcategories&post=197999"},{"taxonomy":"post_tag","embeddable":true,"href":"https:\/\/elluchador.info\/index.php?rest_route=%2Fwp%2Fv2%2Ftags&post=197999"}],"curies":[{"name":"wp","href":"https:\/\/api.w.org\/{rel}","templated":true}]}}