{"id":198056,"date":"2021-09-02T17:51:58","date_gmt":"2021-09-02T21:51:58","guid":{"rendered":"https:\/\/elluchador.info\/web\/?p=198056"},"modified":"2021-09-02T17:51:59","modified_gmt":"2021-09-02T21:51:59","slug":"mujeres-afganas-protestan-para-pedir-a-los-talibanes-sus-derechos-robados","status":"publish","type":"post","link":"https:\/\/elluchador.info\/?p=198056","title":{"rendered":"Mujeres afganas protestan para pedir a los talibanes sus derechos robados"},"content":{"rendered":"\n<p>En una manifestaci\u00f3n in\u00e9dita desde que los talibanes tomaron el poder el pasado 15 de agosto, decenas de mujeres protestaron este jueves en el oeste del pa\u00eds para pedir a los islamistas que les devuelvan sus derechos y les tengan en cuenta a la hora de participar en el futuro gobierno de Afganist\u00e1n.<\/p>\n\n\n\n<p>La protesta, que se prolong\u00f3 durante horas en la ciudad de Herat, fue organizada por empleadas del gobierno y activistas por los derechos de las mujeres, un desaf\u00edo ins\u00f3lito a los islamistas desde su arrolladora llegada al poder, a pesar de que han asegurado que permitir\u00e1n el trabajo femenino dentro de los l\u00edmites del islam.<\/p>\n\n\n\n<p>Las manifestantes reclamaron su participaci\u00f3n en pol\u00edtica y el derecho al trabajo y a la educaci\u00f3n, teniendo muchas en mente el r\u00e9gimen talib\u00e1n entre 1996 y 2001, cuando las mujeres fueron recluidas en el interior del hogar y se les prohibi\u00f3 estudiar.<\/p>\n\n\n\n<p>\u00abUn gobierno sin la presencia de mujeres no durar\u00e1 y no ser\u00e1 estable. No aceptamos un gobierno sin la participaci\u00f3n de las mujeres y nos opondremos a \u00e9l\u00bb, dijo a&nbsp;<em>EFE<\/em>&nbsp;Basira Taheri, activista por los derechos de la mujer y organizadora del evento.<\/p>\n\n\n\n<p>En la protesta, que tuvo lugar frente a la oficina del gobernador de Herat, las manifestantes corearon consignas como \u00abNo tengas miedo, estamos unidas\u00bb, y pidieron a los talibanes que no devuelvan a las mujeres a la \u00e9poca de oscuridad de hace veinte a\u00f1os.<\/p>\n\n\n\n<p>En las dos \u00faltimas d\u00e9cadas hubo mujeres ministras, embajadoras, funcionarias de alto rango, pero ahora \u00ab\u00bfd\u00f3nde est\u00e1n las mujeres, no hay representaci\u00f3n de las mujeres en sus reuniones\u00bb, remarc\u00f3.<\/p>\n\n\n\n<p>\u00abCuando las mujeres est\u00e1n ausentes en las reuniones de toma de decisiones, \u00bfc\u00f3mo podemos tener esperanzas de la presencia de mujeres en los gobiernos del futuro?\u00bb, se pregunt\u00f3 la activista, que ve con mucho\u00a0pesimismo\u00a0el pr\u00f3ximo anuncio del nuevo Ejecutivo.<\/p>\n\n\n\n<p>Los talibanes prometieron que ese nuevo gobierno ser\u00eda \u00abinclusivo\u00bb, representando a todas las etnias y tribus del pa\u00eds, pero en el caso de las mujeres los l\u00edderes fundamentalistas han pedido esperar para ver cu\u00e1les ser\u00e1n las nuevas directrices, y que, mientras tanto, a las funcionarias se les pagar\u00e1 a domicilio.<\/p>\n\n\n\n<p>Desafiante, la activista asegur\u00f3 que esta no ser\u00e1 la \u00faltima protesta, y que mujeres de otras provincias afganas ya la han contactado para repetir m\u00e1s manifestaciones en los pr\u00f3ximos d\u00edas y mostrar as\u00ed su determinaci\u00f3n hacia un futuro femenino con derechos.<\/p>\n\n\n\n<p>El Nacional <\/p>\n","protected":false},"excerpt":{"rendered":"<p>En una manifestaci\u00f3n in\u00e9dita desde que los talibanes tomaron el poder el pasado 15 de agosto, decenas de mujeres protestaron este jueves en el oeste del pa\u00eds para pedir a los islamistas que les devuelvan sus derechos y les tengan en cuenta a la hora de participar en el futuro gobierno de Afganist\u00e1n. La protesta, [&hellip;]<\/p>\n","protected":false},"author":2,"featured_media":198057,"comment_status":"closed","ping_status":"closed","sticky":false,"template":"","format":"standard","meta":{"footnotes":""},"categories":[5,8],"tags":[],"class_list":{"0":"post-198056","1":"post","2":"type-post","3":"status-publish","4":"format-standard","5":"has-post-thumbnail","7":"category-destacado","8":"category-internacionales"},"_links":{"self":[{"href":"https:\/\/elluchador.info\/index.php?rest_route=\/wp\/v2\/posts\/198056","targetHints":{"allow":["GET"]}}],"collection":[{"href":"https:\/\/elluchador.info\/index.php?rest_route=\/wp\/v2\/posts"}],"about":[{"href":"https:\/\/elluchador.info\/index.php?rest_route=\/wp\/v2\/types\/post"}],"author":[{"embeddable":true,"href":"https:\/\/elluchador.info\/index.php?rest_route=\/wp\/v2\/users\/2"}],"replies":[{"embeddable":true,"href":"https:\/\/elluchador.info\/index.php?rest_route=%2Fwp%2Fv2%2Fcomments&post=198056"}],"version-history":[{"count":1,"href":"https:\/\/elluchador.info\/index.php?rest_route=\/wp\/v2\/posts\/198056\/revisions"}],"predecessor-version":[{"id":198058,"href":"https:\/\/elluchador.info\/index.php?rest_route=\/wp\/v2\/posts\/198056\/revisions\/198058"}],"wp:featuredmedia":[{"embeddable":true,"href":"https:\/\/elluchador.info\/index.php?rest_route=\/wp\/v2\/media\/198057"}],"wp:attachment":[{"href":"https:\/\/elluchador.info\/index.php?rest_route=%2Fwp%2Fv2%2Fmedia&parent=198056"}],"wp:term":[{"taxonomy":"category","embeddable":true,"href":"https:\/\/elluchador.info\/index.php?rest_route=%2Fwp%2Fv2%2Fcategories&post=198056"},{"taxonomy":"post_tag","embeddable":true,"href":"https:\/\/elluchador.info\/index.php?rest_route=%2Fwp%2Fv2%2Ftags&post=198056"}],"curies":[{"name":"wp","href":"https:\/\/api.w.org\/{rel}","templated":true}]}}