{"id":198095,"date":"2021-09-03T07:01:14","date_gmt":"2021-09-03T11:01:14","guid":{"rendered":"https:\/\/elluchador.info\/web\/?p=198095"},"modified":"2021-09-03T07:01:20","modified_gmt":"2021-09-03T11:01:20","slug":"cne-da-una-tercera-prorroga-para-inscribir-candidatos","status":"publish","type":"post","link":"https:\/\/elluchador.info\/?p=198095","title":{"rendered":"CNE da una tercera pr\u00f3rroga para inscribir candidatos"},"content":{"rendered":"\n<p><br>El Consejo Nacional Electoral (CNE) anunci\u00f3 este jueves la ampliaci\u00f3n del plazo para inscribir candidatos a los comicios regionales y locales del pr\u00f3ximo 21 de noviembre, hasta el pr\u00f3ximo s\u00e1bado, tras una tercera pr\u00f3rroga, esta vez de 48 horas.<\/p>\n\n\n\n<p>Inicialmente, la etapa de postulaciones conclu\u00eda el pasado domingo, pero un d\u00eda antes de que expirara, el CNE decidi\u00f3 ampliar el plazo hasta el mi\u00e9rcoles, d\u00eda en que se anunci\u00f3 una segunda extensi\u00f3n hasta este jueves, fecha en la que se pone un nuevo plazo, esta vez, hasta el s\u00e1bado.<\/p>\n\n\n\n<p>\u00abEl proceso de postulaciones de candidatas y candidatos para las elecciones regionales y municipales del pr\u00f3ximo 21 de noviembre, cerrar\u00e1 este s\u00e1bado 4 de septiembre, de acuerdo con lo aprobado por el Consejo Nacional Electoral (CNE)\u00bb, anunci\u00f3 la entidad a menos de 4 horas de finalizar el plazo.<br>Seg\u00fan un comunicado difundido a trav\u00e9s de redes sociales, la decisi\u00f3n de las autoridades electorales \u00abfue evaluada en la sesi\u00f3n de hoy, en la que se revisaron las acciones adelantadas por el \u00f3rgano comicial para garantizar la participaci\u00f3n de todas las organizaciones con fines pol\u00edticos en este proceso electoral\u00bb.<\/p>\n\n\n\n<p>EFE<\/p>\n","protected":false},"excerpt":{"rendered":"<p>El Consejo Nacional Electoral (CNE) anunci\u00f3 este jueves la ampliaci\u00f3n del plazo para inscribir candidatos a los comicios regionales y locales del pr\u00f3ximo 21 de noviembre, hasta el pr\u00f3ximo s\u00e1bado, tras una tercera pr\u00f3rroga, esta vez de 48 horas. Inicialmente, la etapa de postulaciones conclu\u00eda el pasado domingo, pero un d\u00eda antes de que expirara, [&hellip;]<\/p>\n","protected":false},"author":2,"featured_media":198096,"comment_status":"closed","ping_status":"closed","sticky":false,"template":"","format":"standard","meta":{"footnotes":""},"categories":[5,9],"tags":[],"class_list":{"0":"post-198095","1":"post","2":"type-post","3":"status-publish","4":"format-standard","5":"has-post-thumbnail","7":"category-destacado","8":"category-nacionales"},"_links":{"self":[{"href":"https:\/\/elluchador.info\/index.php?rest_route=\/wp\/v2\/posts\/198095","targetHints":{"allow":["GET"]}}],"collection":[{"href":"https:\/\/elluchador.info\/index.php?rest_route=\/wp\/v2\/posts"}],"about":[{"href":"https:\/\/elluchador.info\/index.php?rest_route=\/wp\/v2\/types\/post"}],"author":[{"embeddable":true,"href":"https:\/\/elluchador.info\/index.php?rest_route=\/wp\/v2\/users\/2"}],"replies":[{"embeddable":true,"href":"https:\/\/elluchador.info\/index.php?rest_route=%2Fwp%2Fv2%2Fcomments&post=198095"}],"version-history":[{"count":1,"href":"https:\/\/elluchador.info\/index.php?rest_route=\/wp\/v2\/posts\/198095\/revisions"}],"predecessor-version":[{"id":198097,"href":"https:\/\/elluchador.info\/index.php?rest_route=\/wp\/v2\/posts\/198095\/revisions\/198097"}],"wp:featuredmedia":[{"embeddable":true,"href":"https:\/\/elluchador.info\/index.php?rest_route=\/wp\/v2\/media\/198096"}],"wp:attachment":[{"href":"https:\/\/elluchador.info\/index.php?rest_route=%2Fwp%2Fv2%2Fmedia&parent=198095"}],"wp:term":[{"taxonomy":"category","embeddable":true,"href":"https:\/\/elluchador.info\/index.php?rest_route=%2Fwp%2Fv2%2Fcategories&post=198095"},{"taxonomy":"post_tag","embeddable":true,"href":"https:\/\/elluchador.info\/index.php?rest_route=%2Fwp%2Fv2%2Ftags&post=198095"}],"curies":[{"name":"wp","href":"https:\/\/api.w.org\/{rel}","templated":true}]}}