{"id":198098,"date":"2021-09-03T19:05:09","date_gmt":"2021-09-03T23:05:09","guid":{"rendered":"https:\/\/elluchador.info\/web\/?p=198098"},"modified":"2021-09-03T19:39:30","modified_gmt":"2021-09-03T23:39:30","slug":"empleados-publicos-plantean-ajuste-salarial-de-60","status":"publish","type":"post","link":"https:\/\/elluchador.info\/?p=198098","title":{"rendered":"Empleados p\u00fablicos plantean ajuste salarial de $ 60"},"content":{"rendered":"\n<p>La Federaci\u00f3n Nacional de Empleados P\u00fablicos (Fedeunep), hizo un llamado al Ejecutivo para que el pr\u00f3ximo ajuste salarial sea expresado en d\u00f3lares.<\/p>\n\n\n\n<p>El presidente del gremio, Antonio Su\u00e1rez, consider\u00f3 que el sueldo m\u00ednimo en el grado 1 de la administraci\u00f3n p\u00fablica deber\u00eda quedar en al menos 60 d\u00f3lares.<\/p>\n\n\n\n<p>Uni\u00f3n Radio<\/p>\n","protected":false},"excerpt":{"rendered":"<p>La Federaci\u00f3n Nacional de Empleados P\u00fablicos (Fedeunep), hizo un llamado al Ejecutivo para que el pr\u00f3ximo ajuste salarial sea expresado en d\u00f3lares. El presidente del gremio, Antonio Su\u00e1rez, consider\u00f3 que el sueldo m\u00ednimo en el grado 1 de la administraci\u00f3n p\u00fablica deber\u00eda quedar en al menos 60 d\u00f3lares. Uni\u00f3n Radio<\/p>\n","protected":false},"author":2,"featured_media":198120,"comment_status":"closed","ping_status":"closed","sticky":false,"template":"","format":"standard","meta":{"footnotes":""},"categories":[5,6],"tags":[],"class_list":{"0":"post-198098","1":"post","2":"type-post","3":"status-publish","4":"format-standard","5":"has-post-thumbnail","7":"category-destacado","8":"category-economia"},"_links":{"self":[{"href":"https:\/\/elluchador.info\/index.php?rest_route=\/wp\/v2\/posts\/198098","targetHints":{"allow":["GET"]}}],"collection":[{"href":"https:\/\/elluchador.info\/index.php?rest_route=\/wp\/v2\/posts"}],"about":[{"href":"https:\/\/elluchador.info\/index.php?rest_route=\/wp\/v2\/types\/post"}],"author":[{"embeddable":true,"href":"https:\/\/elluchador.info\/index.php?rest_route=\/wp\/v2\/users\/2"}],"replies":[{"embeddable":true,"href":"https:\/\/elluchador.info\/index.php?rest_route=%2Fwp%2Fv2%2Fcomments&post=198098"}],"version-history":[{"count":2,"href":"https:\/\/elluchador.info\/index.php?rest_route=\/wp\/v2\/posts\/198098\/revisions"}],"predecessor-version":[{"id":198121,"href":"https:\/\/elluchador.info\/index.php?rest_route=\/wp\/v2\/posts\/198098\/revisions\/198121"}],"wp:featuredmedia":[{"embeddable":true,"href":"https:\/\/elluchador.info\/index.php?rest_route=\/wp\/v2\/media\/198120"}],"wp:attachment":[{"href":"https:\/\/elluchador.info\/index.php?rest_route=%2Fwp%2Fv2%2Fmedia&parent=198098"}],"wp:term":[{"taxonomy":"category","embeddable":true,"href":"https:\/\/elluchador.info\/index.php?rest_route=%2Fwp%2Fv2%2Fcategories&post=198098"},{"taxonomy":"post_tag","embeddable":true,"href":"https:\/\/elluchador.info\/index.php?rest_route=%2Fwp%2Fv2%2Ftags&post=198098"}],"curies":[{"name":"wp","href":"https:\/\/api.w.org\/{rel}","templated":true}]}}