{"id":198099,"date":"2021-09-03T16:43:40","date_gmt":"2021-09-03T20:43:40","guid":{"rendered":"https:\/\/elluchador.info\/web\/?p=198099"},"modified":"2021-09-03T16:43:41","modified_gmt":"2021-09-03T20:43:41","slug":"gobierno-de-calle-llega-a-la-avenida-perimetral","status":"publish","type":"post","link":"https:\/\/elluchador.info\/?p=198099","title":{"rendered":"Gobierno de Calle llega a la avenida Perimetral"},"content":{"rendered":"\n<p>En aras de seguir transformando Ciudad Bol\u00edvar en una Potencia, los equipos integrales junto a la RAAS llevaron el Gobierno de Calle hacia la avenida Perimetral para iniciar las acometidas de embellecimiento.<\/p>\n\n\n\n<p>El ingeniero Juan Mireles coment\u00f3 que luego de una mesa de trabajo entre las instituciones hermanas como Hidrobolivar, Alcald\u00eda, Gobernaci\u00f3n, Cabelum junto a la RAAS acordaron un cronograma de trabajo para iniciar las acometidas de embellecimiento de esta importante arteria vial que sirve de puente comercial entre los bolivarenses con el resto de Venezuela.<\/p>\n\n\n\n<p>Agreg\u00f3 el funcionario adscrito a la direcci\u00f3n de Infraestructura Municipal que todo esto se llev\u00f3 a cabo siguiendo las instrucciones de la m\u00e1xima autoridad local, Sergio Hern\u00e1ndez; quien de la mano de las instituciones hermanas llevan estas acciones para el bienestar del pueblo.<\/p>\n\n\n\n<p>\u201cAqu\u00ed est\u00e1n los equipos valientes y perseverantes que pese a las sanciones, pandemia siguen adelante para la construcci\u00f3n de la Ciudad Bol\u00edvar que queremos; por lo que agradeci\u00f3 a las instituciones hermanas para lograr este objetivo que va en beneficio del punto y circulo de esa zona\u201d, dijo Mireles.<\/p>\n\n\n\n<p><strong>Jornada integral &nbsp;&nbsp;&nbsp;&nbsp;&nbsp;&nbsp;&nbsp;&nbsp;&nbsp;&nbsp;&nbsp;<\/strong><\/p>\n\n\n\n<p>Por su parte, el director de Servicios Generales Municipales, Eleazar Torres resalt\u00f3 que las cuadrillas de la dependencia efectuaron los trabajos de barrido, desmalezamiento, recolecci\u00f3n de desechos s\u00f3lidos y poda de \u00e1rboles controlada.<\/p>\n\n\n\n<p>Torres resalt\u00f3 que de la mano con la empresa Cabelum, quienes se sumaron a esta gota de amor hacia la Perimetral el personal tambi\u00e9n efectu\u00f3 las labores de limpieza; as\u00ed como la utilizaci\u00f3n de la maquina pesada para remover los desechos.<\/p>\n\n\n\n<p>Adem\u00e1s dijo que el talento humano de Hidrobolivar se sum\u00f3 a estas jornadas que se est\u00e1n llevando por la ciudad; por lo que trabajaron para corregir un bote de agua en ese tramo que estaba debilitando la carpeta asf\u00e1ltica.<\/p>\n\n\n\n<p>\u201cLos trabajadores integrales efectuaron la sustituci\u00f3n de la tuber\u00eda que estaba da\u00f1ada; para as\u00ed seguir optimizando el servicio a los residentes del lugar; todo esto de manera hermanada, demostrando que juntos todo es posible\u201d, apunt\u00f3 Torres.<\/p>\n\n\n\n<p><strong>Poder Popular contento<\/strong><\/p>\n\n\n\n<p>La concejala de la parroquia La Sabanita, Dulce Guarnizo se\u00f1al\u00f3 que esta acci\u00f3n viene a beneficiar a los habitantes del sector; as\u00ed como a las personas que utilizan esta v\u00eda para ir a sus sitios de trabajo u hogar.<\/p>\n\n\n\n<p>Guarnizo explic\u00f3 que todo esto es posible bajo un solo gobierno y de la mano del l\u00edder municipal, quien tiene siete a\u00f1os atendiendo las necesidades del pueblo.<\/p>\n\n\n\n<p>Tambi\u00e9n la concejala de la parroquia Jos\u00e9 Antonio P\u00e1ez, Ingrid P\u00e9rez destac\u00f3 que con estas acciones se est\u00e1n beneficiando a las personas de su parroquia, ya que es un punto lim\u00edtrofe entre ambas parroquias; la cual es posible solo en revoluci\u00f3n.<\/p>\n\n\n\n<p>P\u00e9rez acompa\u00f1ada de su RAAS se\u00f1al\u00f3 que esto es d\u00e1ndole continuidad a las pol\u00edticas del presidente Nicol\u00e1s Maduro de la mano con el pr\u00f3ximo gobernador \u00c1ngel Marcano y en el municipio por la m\u00e1xima autoridad, Sergio Hern\u00e1ndez.<\/p>\n\n\n\n<p>Prensa Alcald\u00eda AO.<\/p>\n","protected":false},"excerpt":{"rendered":"<p>En aras de seguir transformando Ciudad Bol\u00edvar en una Potencia, los equipos integrales junto a la RAAS llevaron el Gobierno de Calle hacia la avenida Perimetral para iniciar las acometidas de embellecimiento. El ingeniero Juan Mireles coment\u00f3 que luego de una mesa de trabajo entre las instituciones hermanas como Hidrobolivar, Alcald\u00eda, Gobernaci\u00f3n, Cabelum junto a [&hellip;]<\/p>\n","protected":false},"author":2,"featured_media":198100,"comment_status":"closed","ping_status":"closed","sticky":false,"template":"","format":"standard","meta":{"footnotes":""},"categories":[5,20],"tags":[],"class_list":{"0":"post-198099","1":"post","2":"type-post","3":"status-publish","4":"format-standard","5":"has-post-thumbnail","7":"category-destacado","8":"category-municipal"},"_links":{"self":[{"href":"https:\/\/elluchador.info\/index.php?rest_route=\/wp\/v2\/posts\/198099","targetHints":{"allow":["GET"]}}],"collection":[{"href":"https:\/\/elluchador.info\/index.php?rest_route=\/wp\/v2\/posts"}],"about":[{"href":"https:\/\/elluchador.info\/index.php?rest_route=\/wp\/v2\/types\/post"}],"author":[{"embeddable":true,"href":"https:\/\/elluchador.info\/index.php?rest_route=\/wp\/v2\/users\/2"}],"replies":[{"embeddable":true,"href":"https:\/\/elluchador.info\/index.php?rest_route=%2Fwp%2Fv2%2Fcomments&post=198099"}],"version-history":[{"count":1,"href":"https:\/\/elluchador.info\/index.php?rest_route=\/wp\/v2\/posts\/198099\/revisions"}],"predecessor-version":[{"id":198101,"href":"https:\/\/elluchador.info\/index.php?rest_route=\/wp\/v2\/posts\/198099\/revisions\/198101"}],"wp:featuredmedia":[{"embeddable":true,"href":"https:\/\/elluchador.info\/index.php?rest_route=\/wp\/v2\/media\/198100"}],"wp:attachment":[{"href":"https:\/\/elluchador.info\/index.php?rest_route=%2Fwp%2Fv2%2Fmedia&parent=198099"}],"wp:term":[{"taxonomy":"category","embeddable":true,"href":"https:\/\/elluchador.info\/index.php?rest_route=%2Fwp%2Fv2%2Fcategories&post=198099"},{"taxonomy":"post_tag","embeddable":true,"href":"https:\/\/elluchador.info\/index.php?rest_route=%2Fwp%2Fv2%2Ftags&post=198099"}],"curies":[{"name":"wp","href":"https:\/\/api.w.org\/{rel}","templated":true}]}}