{"id":198111,"date":"2021-09-03T17:50:52","date_gmt":"2021-09-03T21:50:52","guid":{"rendered":"https:\/\/elluchador.info\/web\/?p=198111"},"modified":"2021-09-03T17:50:54","modified_gmt":"2021-09-03T21:50:54","slug":"autoridades-de-colombia-y-venezuela-evaluan-propuestas-para-la-reapertura-de-la-frontera","status":"publish","type":"post","link":"https:\/\/elluchador.info\/?p=198111","title":{"rendered":"Autoridades de Colombia y Venezuela eval\u00faan propuestas para la reapertura de la frontera"},"content":{"rendered":"\n<p>Autoridades de Colombia y Venezuela tuvieron un encuentro durante la ma\u00f1ana de este viernes, 3 de septiembre, en la Aduana de San Antonio, seg\u00fan inform\u00f3 La Prensa del T\u00e1chira.<\/p>\n\n\n\n<p>Posteriormente, el \u00abprotector\u00bb de ese estado, Freddy Bernal, confirm\u00f3 la reuni\u00f3n con representantes del Norte de Santander<\/p>\n\n\n\n<p>Al respecto, Bernal dijo: \u00abEl T\u00e1chira quiere la reactivaci\u00f3n de la econom\u00eda y eso va de la mano con la apertura de la frontera con el Norte de Santander\u00bb.<\/p>\n\n\n\n<p>Consider\u00f3 que \u00abla apertura fronteriza es una necesidad\u00bb, y que por ello&nbsp; sigue siendo vocero de los tachirenses ante Nicol\u00e1s Maduro.<\/p>\n\n\n\n<p>\u00abVengo lleno de positivismo para avanzar en esta tarea. Vamos a trabajar en la expectativa de establecer acuerdos. Desde hace tiempo se habla de la apertura peatonal y comercial de la frontera. T\u00e1chira es la bisagra de conexi\u00f3n de 80 millones de personas entre Colombia y Venezuela\u00bb, dijo.<\/p>\n\n\n\n<p>Por su parte, V\u00edctor Bautista, secretario de fronteras del Norte de Santander, indic\u00f3 que, en condiciones de normalidad, miles de personas transitan por la frontera colombo-venezolana a diario.<\/p>\n\n\n\n<p>\u00abHay una interdependencia muy grande entre las dos regiones. Tenemos una agenda importante\u00bb, se\u00f1al\u00f3.<\/p>\n\n\n\n<p>Asimismo, Bernal dijo en sus redes sociales que adem\u00e1s de la reuni\u00f3n con funcionarios oficiales del gobierno de Duque, tambi\u00e9n convers\u00f3 con\u00a0 los gremios de comercio e industria del Norte de Santander.<\/p>\n\n\n\n<p>Banca y Negocio<\/p>\n","protected":false},"excerpt":{"rendered":"<p>Autoridades de Colombia y Venezuela tuvieron un encuentro durante la ma\u00f1ana de este viernes, 3 de septiembre, en la Aduana de San Antonio, seg\u00fan inform\u00f3 La Prensa del T\u00e1chira. Posteriormente, el \u00abprotector\u00bb de ese estado, Freddy Bernal, confirm\u00f3 la reuni\u00f3n con representantes del Norte de Santander Al respecto, Bernal dijo: \u00abEl T\u00e1chira quiere la reactivaci\u00f3n [&hellip;]<\/p>\n","protected":false},"author":2,"featured_media":163254,"comment_status":"closed","ping_status":"closed","sticky":false,"template":"","format":"standard","meta":{"footnotes":""},"categories":[5,8],"tags":[],"class_list":{"0":"post-198111","1":"post","2":"type-post","3":"status-publish","4":"format-standard","5":"has-post-thumbnail","7":"category-destacado","8":"category-internacionales"},"_links":{"self":[{"href":"https:\/\/elluchador.info\/index.php?rest_route=\/wp\/v2\/posts\/198111","targetHints":{"allow":["GET"]}}],"collection":[{"href":"https:\/\/elluchador.info\/index.php?rest_route=\/wp\/v2\/posts"}],"about":[{"href":"https:\/\/elluchador.info\/index.php?rest_route=\/wp\/v2\/types\/post"}],"author":[{"embeddable":true,"href":"https:\/\/elluchador.info\/index.php?rest_route=\/wp\/v2\/users\/2"}],"replies":[{"embeddable":true,"href":"https:\/\/elluchador.info\/index.php?rest_route=%2Fwp%2Fv2%2Fcomments&post=198111"}],"version-history":[{"count":1,"href":"https:\/\/elluchador.info\/index.php?rest_route=\/wp\/v2\/posts\/198111\/revisions"}],"predecessor-version":[{"id":198112,"href":"https:\/\/elluchador.info\/index.php?rest_route=\/wp\/v2\/posts\/198111\/revisions\/198112"}],"wp:featuredmedia":[{"embeddable":true,"href":"https:\/\/elluchador.info\/index.php?rest_route=\/wp\/v2\/media\/163254"}],"wp:attachment":[{"href":"https:\/\/elluchador.info\/index.php?rest_route=%2Fwp%2Fv2%2Fmedia&parent=198111"}],"wp:term":[{"taxonomy":"category","embeddable":true,"href":"https:\/\/elluchador.info\/index.php?rest_route=%2Fwp%2Fv2%2Fcategories&post=198111"},{"taxonomy":"post_tag","embeddable":true,"href":"https:\/\/elluchador.info\/index.php?rest_route=%2Fwp%2Fv2%2Ftags&post=198111"}],"curies":[{"name":"wp","href":"https:\/\/api.w.org\/{rel}","templated":true}]}}