{"id":198115,"date":"2021-09-03T19:33:12","date_gmt":"2021-09-03T23:33:12","guid":{"rendered":"https:\/\/elluchador.info\/web\/?p=198115"},"modified":"2021-09-03T19:35:06","modified_gmt":"2021-09-03T23:35:06","slug":"la-mantia-incorporado-a-la-vinotinto","status":"publish","type":"post","link":"https:\/\/elluchador.info\/?p=198115","title":{"rendered":"La Mantia incorporado a la Vinotinto"},"content":{"rendered":"\n<p>La selecci\u00f3n venezolana de f\u00fatbol incorpor\u00f3 este viernes a la concentraci\u00f3n a Francisco La Mantia, del Deportivo La Guaira, para el partido del pr\u00f3ximo domingo ante Per\u00fa, tras la lesi\u00f3n del central Jos\u00e9 Manuel Vel\u00e1zquez y la expulsi\u00f3n de Adri\u00e1n Mart\u00ednez.As\u00ed lo inform\u00f3 la Federaci\u00f3n Venezolana de F\u00fatbol (FVF) en un escueto mensaje publicado en su cuenta de Twitter en el que detall\u00f3 que la decisi\u00f3n la tom\u00f3 el seleccionador nacional interino, Leonardo Gonz\u00e1lez.<\/p>\n\n\n\n<p>La Mantia estar\u00e1 tambi\u00e9n a las \u00f3rdenes de Gonz\u00e1lez para el partido contra Per\u00fa del pr\u00f3ximo jueves.<\/p>\n\n\n\n<p>Durante el duelo con la Albiceleste, el central Vel\u00e1zquez se lesion\u00f3 en el minuto 22 de la primera parte y fue sustituido por Mart\u00ednez, expulsado diez minutos despu\u00e9s por una dura entrada a Lionel Messi.<\/p>\n\n\n\n<p>Sus bajas se suman a las de Fernando Aristeguieta (capit\u00e1n en la pasada Copa Am\u00e9rica), Darwin Mach\u00eds y Yordan Osorio, todos ellos por distintas lesiones que les impidieron sumarse a la concentraci\u00f3n.<\/p>\n\n\n\n<figure class=\"wp-block-embed is-type-rich is-provider-twitter wp-block-embed-twitter\"><div class=\"wp-block-embed__wrapper\">\n<blockquote class=\"twitter-tweet\" data-width=\"550\" data-dnt=\"true\"><p lang=\"es\" dir=\"ltr\">\ud83c\udd95 <a href=\"https:\/\/twitter.com\/LaMantia5?ref_src=twsrc%5Etfw\">@LaMantia5<\/a> se sum\u00f3 a la concentraci\u00f3n de cara a los partidos ante Per\u00fa y Paraguay tras la decisi\u00f3n del seleccionador nacional interino de incluirlo en la convocatoria, luego de la baja de Jos\u00e9 Manuel Vel\u00e1zquez por lesi\u00f3n y Adri\u00e1n Mart\u00ednez. \ud83c\uddfb\ud83c\uddea <a href=\"https:\/\/t.co\/5A0bCRrrs8\">pic.twitter.com\/5A0bCRrrs8<\/a><\/p>&mdash; La Vinotinto (@SeleVinotinto) <a href=\"https:\/\/twitter.com\/SeleVinotinto\/status\/1433794353139433473?ref_src=twsrc%5Etfw\">September 3, 2021<\/a><\/blockquote><script async src=\"https:\/\/platform.twitter.com\/widgets.js\" charset=\"utf-8\"><\/script>\n<\/div><\/figure>\n","protected":false},"excerpt":{"rendered":"<p>La selecci\u00f3n venezolana de f\u00fatbol incorpor\u00f3 este viernes a la concentraci\u00f3n a Francisco La Mantia, del Deportivo La Guaira, para el partido del pr\u00f3ximo domingo ante Per\u00fa, tras la lesi\u00f3n del central Jos\u00e9 Manuel Vel\u00e1zquez y la expulsi\u00f3n de Adri\u00e1n Mart\u00ednez.As\u00ed lo inform\u00f3 la Federaci\u00f3n Venezolana de F\u00fatbol (FVF) en un escueto mensaje publicado en [&hellip;]<\/p>\n","protected":false},"author":2,"featured_media":198116,"comment_status":"closed","ping_status":"closed","sticky":false,"template":"","format":"standard","meta":{"footnotes":""},"categories":[4,5],"tags":[],"class_list":{"0":"post-198115","1":"post","2":"type-post","3":"status-publish","4":"format-standard","5":"has-post-thumbnail","7":"category-deportes","8":"category-destacado"},"_links":{"self":[{"href":"https:\/\/elluchador.info\/index.php?rest_route=\/wp\/v2\/posts\/198115","targetHints":{"allow":["GET"]}}],"collection":[{"href":"https:\/\/elluchador.info\/index.php?rest_route=\/wp\/v2\/posts"}],"about":[{"href":"https:\/\/elluchador.info\/index.php?rest_route=\/wp\/v2\/types\/post"}],"author":[{"embeddable":true,"href":"https:\/\/elluchador.info\/index.php?rest_route=\/wp\/v2\/users\/2"}],"replies":[{"embeddable":true,"href":"https:\/\/elluchador.info\/index.php?rest_route=%2Fwp%2Fv2%2Fcomments&post=198115"}],"version-history":[{"count":2,"href":"https:\/\/elluchador.info\/index.php?rest_route=\/wp\/v2\/posts\/198115\/revisions"}],"predecessor-version":[{"id":198118,"href":"https:\/\/elluchador.info\/index.php?rest_route=\/wp\/v2\/posts\/198115\/revisions\/198118"}],"wp:featuredmedia":[{"embeddable":true,"href":"https:\/\/elluchador.info\/index.php?rest_route=\/wp\/v2\/media\/198116"}],"wp:attachment":[{"href":"https:\/\/elluchador.info\/index.php?rest_route=%2Fwp%2Fv2%2Fmedia&parent=198115"}],"wp:term":[{"taxonomy":"category","embeddable":true,"href":"https:\/\/elluchador.info\/index.php?rest_route=%2Fwp%2Fv2%2Fcategories&post=198115"},{"taxonomy":"post_tag","embeddable":true,"href":"https:\/\/elluchador.info\/index.php?rest_route=%2Fwp%2Fv2%2Ftags&post=198115"}],"curies":[{"name":"wp","href":"https:\/\/api.w.org\/{rel}","templated":true}]}}