{"id":198128,"date":"2021-09-03T20:00:33","date_gmt":"2021-09-04T00:00:33","guid":{"rendered":"https:\/\/elluchador.info\/web\/?p=198128"},"modified":"2021-09-03T20:00:35","modified_gmt":"2021-09-04T00:00:35","slug":"oficialismo-arribo-a-mexico-para-la-segunda-fase-del-dialogo","status":"publish","type":"post","link":"https:\/\/elluchador.info\/?p=198128","title":{"rendered":"Oficialismo arrib\u00f3 a M\u00e9xico para la segunda fase del di\u00e1logo"},"content":{"rendered":"\n<p>Este viernes arrib\u00f3 al aeropuerto Benito Ju\u00e1rez de la ciudad de M\u00e9xico la delegaci\u00f3n oficialista que participar\u00e1 en la segunda ronda de negociaciones con la plataforma unitaria de la oposici\u00f3n.<\/p>\n\n\n\n<p>La delegaci\u00f3n est\u00e1 integrada por los diputados que tambi\u00e9n conforman la Comisi\u00f3n de Di\u00e1logo de la AN: Jorge Rodr\u00edguez, Nicol\u00e1s Maduro Guerra, Francisco Torrealba, Diva Guzm\u00e1n y G\u00e9nesis Garvett.<\/p>\n\n\n\n<p>Uni\u00f3n Radio<\/p>\n\n\n\n<figure class=\"wp-block-embed is-type-rich is-provider-twitter wp-block-embed-twitter\"><div class=\"wp-block-embed__wrapper\">\n<blockquote class=\"twitter-tweet\" data-width=\"550\" data-dnt=\"true\"><p lang=\"es\" dir=\"ltr\"><a href=\"https:\/\/twitter.com\/hashtag\/03Sept?src=hash&amp;ref_src=twsrc%5Etfw\">#03Sept<\/a> <a href=\"https:\/\/twitter.com\/hashtag\/Ahora?src=hash&amp;ref_src=twsrc%5Etfw\">#Ahora<\/a> La delegaci\u00f3n del di\u00e1logo venezolana que arrib\u00f3 a M\u00e9xico para iniciar la jornada de deliberaciones con la oposici\u00f3n est\u00e1 integrada por los miembros de la Comisi\u00f3n del Di\u00e1logo de la AN <a href=\"https:\/\/twitter.com\/nicmaduroguerra?ref_src=twsrc%5Etfw\">@nicmaduroguerra<\/a> <a href=\"https:\/\/twitter.com\/torrealbaf?ref_src=twsrc%5Etfw\">@torrealbaf<\/a> y por las diputadas <a href=\"https:\/\/twitter.com\/d_guzmanl?ref_src=twsrc%5Etfw\">@d_guzmanl<\/a> <a href=\"https:\/\/twitter.com\/genesisgarvett_?ref_src=twsrc%5Etfw\">@genesisgarvett_<\/a> <a href=\"https:\/\/t.co\/87jvdWYgXo\">pic.twitter.com\/87jvdWYgXo<\/a><\/p>&mdash; Asamblea Nacional \ud83c\uddfb\ud83c\uddea (@Asamblea_Ven) <a href=\"https:\/\/twitter.com\/Asamblea_Ven\/status\/1433851658820333568?ref_src=twsrc%5Etfw\">September 3, 2021<\/a><\/blockquote><script async src=\"https:\/\/platform.twitter.com\/widgets.js\" charset=\"utf-8\"><\/script>\n<\/div><\/figure>\n\n\n\n<figure class=\"wp-block-embed is-type-rich is-provider-twitter wp-block-embed-twitter\"><div class=\"wp-block-embed__wrapper\">\n<blockquote class=\"twitter-tweet\" data-width=\"550\" data-dnt=\"true\"><p lang=\"es\" dir=\"ltr\"><a href=\"https:\/\/twitter.com\/hashtag\/03Sept?src=hash&amp;ref_src=twsrc%5Etfw\">#03Sept<\/a> <a href=\"https:\/\/twitter.com\/hashtag\/Ahora?src=hash&amp;ref_src=twsrc%5Etfw\">#Ahora<\/a> Arriba al Aeropuerto Benito Ju\u00e1rez de la ciudad de M\u00e9xico la delegaci\u00f3n del di\u00e1logo venezolana presidida por <a href=\"https:\/\/twitter.com\/jorgerpsuv?ref_src=twsrc%5Etfw\">@jorgerpsuv<\/a> para iniciar la ronda de negociaciones con la plataforma unitaria de la oposici\u00f3n. <a href=\"https:\/\/t.co\/JvZ8Fjbjut\">pic.twitter.com\/JvZ8Fjbjut<\/a><\/p>&mdash; Asamblea Nacional \ud83c\uddfb\ud83c\uddea (@Asamblea_Ven) <a href=\"https:\/\/twitter.com\/Asamblea_Ven\/status\/1433847993392828422?ref_src=twsrc%5Etfw\">September 3, 2021<\/a><\/blockquote><script async src=\"https:\/\/platform.twitter.com\/widgets.js\" charset=\"utf-8\"><\/script>\n<\/div><\/figure>\n","protected":false},"excerpt":{"rendered":"<p>Este viernes arrib\u00f3 al aeropuerto Benito Ju\u00e1rez de la ciudad de M\u00e9xico la delegaci\u00f3n oficialista que participar\u00e1 en la segunda ronda de negociaciones con la plataforma unitaria de la oposici\u00f3n. La delegaci\u00f3n est\u00e1 integrada por los diputados que tambi\u00e9n conforman la Comisi\u00f3n de Di\u00e1logo de la AN: Jorge Rodr\u00edguez, Nicol\u00e1s Maduro Guerra, Francisco Torrealba, Diva [&hellip;]<\/p>\n","protected":false},"author":2,"featured_media":0,"comment_status":"closed","ping_status":"closed","sticky":false,"template":"","format":"standard","meta":{"footnotes":""},"categories":[5,9],"tags":[],"class_list":{"0":"post-198128","1":"post","2":"type-post","3":"status-publish","4":"format-standard","6":"category-destacado","7":"category-nacionales"},"_links":{"self":[{"href":"https:\/\/elluchador.info\/index.php?rest_route=\/wp\/v2\/posts\/198128","targetHints":{"allow":["GET"]}}],"collection":[{"href":"https:\/\/elluchador.info\/index.php?rest_route=\/wp\/v2\/posts"}],"about":[{"href":"https:\/\/elluchador.info\/index.php?rest_route=\/wp\/v2\/types\/post"}],"author":[{"embeddable":true,"href":"https:\/\/elluchador.info\/index.php?rest_route=\/wp\/v2\/users\/2"}],"replies":[{"embeddable":true,"href":"https:\/\/elluchador.info\/index.php?rest_route=%2Fwp%2Fv2%2Fcomments&post=198128"}],"version-history":[{"count":1,"href":"https:\/\/elluchador.info\/index.php?rest_route=\/wp\/v2\/posts\/198128\/revisions"}],"predecessor-version":[{"id":198129,"href":"https:\/\/elluchador.info\/index.php?rest_route=\/wp\/v2\/posts\/198128\/revisions\/198129"}],"wp:attachment":[{"href":"https:\/\/elluchador.info\/index.php?rest_route=%2Fwp%2Fv2%2Fmedia&parent=198128"}],"wp:term":[{"taxonomy":"category","embeddable":true,"href":"https:\/\/elluchador.info\/index.php?rest_route=%2Fwp%2Fv2%2Fcategories&post=198128"},{"taxonomy":"post_tag","embeddable":true,"href":"https:\/\/elluchador.info\/index.php?rest_route=%2Fwp%2Fv2%2Ftags&post=198128"}],"curies":[{"name":"wp","href":"https:\/\/api.w.org\/{rel}","templated":true}]}}