{"id":198130,"date":"2021-09-03T20:34:50","date_gmt":"2021-09-04T00:34:50","guid":{"rendered":"https:\/\/elluchador.info\/web\/?p=198130"},"modified":"2021-09-03T20:34:51","modified_gmt":"2021-09-04T00:34:51","slug":"sin-fechas-para-reapertura-de-los-puentes-fronterizos","status":"publish","type":"post","link":"https:\/\/elluchador.info\/?p=198130","title":{"rendered":"Sin fechas para reapertura de los puentes fronterizos"},"content":{"rendered":"\n<p><br>Nuevas medidas acordaron las autoridades de Colombia y Venezuela, encabezadas por V\u00edctor Bautista, secretario de fronteras de la gobernaci\u00f3n de Norte de Santander, el diputado Freddy Bernal, protector del estado T\u00e1chira<\/p>\n\n\n\n<p>Las autoridades de Colombia y Venezuela, encabezadas por V\u00edctor Bautista, secretario de fronteras de la gobernaci\u00f3n de Norte de Santander, el diputado Freddy Bernal, delegado pol\u00edtico de Nicol\u00e1s Maduro en T\u00e1chira y el presidente del Comit\u00e9 Intergremial, Carlos Luna, dieron a conocer este viernes las nuevas medidas para la frontera.<\/p>\n\n\n\n<p>Durante el encuentro se aprobaron tres puntos en beneficio de la poblaci\u00f3n fronteriza, como el inicio de un corredor escolar, el reinicio del intercambio comercial en horario restringido y la instalaci\u00f3n de una comisi\u00f3n del Seniat y del Dian, oficinas destacadas para lo atinente a aduanas e impuestos de cada pa\u00eds, sin embargo no se dieron a conocer fechas de una posible apertura de los tres puentes binacionales.<\/p>\n\n\n\n<p>De acuerdo a la rese\u00f1a noticiosa de La Opini\u00f3n, estos son los tres puntos acordados:<\/p>\n\n\n\n<ol class=\"wp-block-list\"><li>Un corredor estudiantil que incluye: la inmediata autorizaci\u00f3n del paso a los 372 estudiantes venezolanos que presentar\u00e1n las Pruebas Saber; la vacunaci\u00f3n a las familias de los cerca de 5 mil estudiantes que viven del lado venezolano de la frontera y ven clases en Norte de Santander y coordinar para permitir el paso estudiantil regular en las pr\u00f3ximas semanas.<\/li><li>Creaci\u00f3n de un grupo de trabajo del Servicio Nacional Integrado de Administraci\u00f3n Aduanera y Tributaria (Seniat) de Venezuela y la Direcci\u00f3n de Impuestos y Aduanas Nacionales (Dian) para que sus representantes establezcan las formas y los tiempos para la reactivaci\u00f3n de las plataformas aduaneras.<\/li><li>Se establecen comisiones para establecer protocolos de bioseguridad para una gradual reapertura comercial. El proceso de movilidad migratoria se har\u00e1 bajo acciones de inmunizaci\u00f3n, bioseguridad y vigilancia epidemiol\u00f3gica.<\/li><\/ol>\n\n\n\n<p>Los anuncios no incluyeron fechas precisas para el retiro de los contenedores dispuesto como tranca por el gobierno de Nicol\u00e1s Maduro en los puentes internacionales Sim\u00f3n Bol\u00edvar, Francisco de Paula Santander y Tienditas-La Unidad.<\/p>\n\n\n\n<p>De acuerdo a La Opini\u00f3n, tras de varias horas de reuni\u00f3n, la delegaci\u00f3n de la gobernaci\u00f3n del estado T\u00e1chira se retir\u00f3 del encuentro, tras considerar que la cita \u00abno responde a los necesidades de los pueblos de la frontera, sino a intereses politico-partidistas\u00bb<\/p>\n\n\n\n<p>As\u00ed lo expres\u00f3 Arturo Molina, director de Educaci\u00f3n del T\u00e1chira, quien rechaz\u00f3 el planteamiento de los representantes del gobierno de Caracas, de carnetizar a los m\u00e1s de 5 mil estudiantes venezolanos que cursan estudios en Norte de Santander y deben cruzar la frontera a traves de las trochas.<\/p>\n\n\n\n<p>\u00abLa propuesta que tiene el gobierno regional es que se termine de abrir la frontera y que se quiten los contenedores, la carnetizacion no va a resolver el problema\u00bb, insisti\u00f3.<\/p>\n\n\n\n<p>Frontera viva<\/p>\n\n\n\n<p>A pesar del cierre de la frontera, en agosto de 2015, cientos de venezolanos siguen migrando al vecino pa\u00eds, entre 700 y 900 personas diarias, seg\u00fan un reciente informe de la Organizaci\u00f3n de Estados Americanos (OEA).<\/p>\n\n\n\n<p>Luego del cierre, m\u00e1s de 2.200 colombianos fueron deportados de Venezuela y 18.000 retornaron voluntariamente en vista de los sucesos posteriores al desalojo forzado. Tambi\u00e9n, m\u00e1s de 314.000 venezolanos decidieron irse de Colombia.<\/p>\n\n\n\n<p>Desde hace seis a\u00f1os, el \u00e9xodo de venezolanos ha sido progresivo. En 2015 hab\u00edan 31.471 venezolanos en suelo colombiano; luego en 2016 aument\u00f3 a 53.747. En 2017 subi\u00f3 acelaradamente a 403.702 ciudadanos extranjeros. En 2018 ya hab\u00edan 1.174.743; en 2019 subi\u00f3 a 1.771.237; en 2020 (a\u00f1o de la pandemia) descendi\u00f3 a 1.729.537 y hasta enero de 2021, se increment\u00f3 a 1.742.927.<\/p>\n\n\n\n<p>Aunque el Gobierno colombiano, decidi\u00f3 abrir los puentes fronterizos con Venezuela, para paso peatonal, desde el pasado 2 de junio, el cierre se mantuvo del lado venezolano.<\/p>\n\n\n\n<p>Los tres puentes internacionales que comunican a Norte de Santander con Venezuela (Sim\u00f3n Bol\u00edvar-Villa del Rosario, Francisco de Paula Santander-C\u00facuta, y Uni\u00f3n &#8211; Puerto Santander) lucieron en completa normalidad. Algo que llam\u00f3 la atenci\u00f3n es que por los tres pasos fronterizos solo se pudieron movilizar, tras la habilitaci\u00f3n del corredor humanitario, personas que ven\u00edan a C\u00facuta a tratamientos m\u00e9dicos y a casos excepcionales.<\/p>\n\n\n\n<p>Por su parte, el presidene Iv\u00e1n Duque, asegur\u00f3 en un tuit que celebraba el encuentro para permitir el flujo ordenado hacia el pa\u00eds: \u00abColombia reabri\u00f3 la frontera con Venezuela en Norte de Santander hace varios meses. Celebro reuni\u00f3n entre autoridades departamentales y del T\u00e1chira para permitir el flujo ordenado y bioseguro hacia Colombia. Ese proceso beneficia a personas que viven de la interacci\u00f3n fronteriza\u00bb.<\/p>\n","protected":false},"excerpt":{"rendered":"<p>Nuevas medidas acordaron las autoridades de Colombia y Venezuela, encabezadas por V\u00edctor Bautista, secretario de fronteras de la gobernaci\u00f3n de Norte de Santander, el diputado Freddy Bernal, protector del estado T\u00e1chira Las autoridades de Colombia y Venezuela, encabezadas por V\u00edctor Bautista, secretario de fronteras de la gobernaci\u00f3n de Norte de Santander, el diputado Freddy Bernal, [&hellip;]<\/p>\n","protected":false},"author":2,"featured_media":198131,"comment_status":"closed","ping_status":"closed","sticky":false,"template":"","format":"standard","meta":{"footnotes":""},"categories":[5,9],"tags":[],"class_list":{"0":"post-198130","1":"post","2":"type-post","3":"status-publish","4":"format-standard","5":"has-post-thumbnail","7":"category-destacado","8":"category-nacionales"},"_links":{"self":[{"href":"https:\/\/elluchador.info\/index.php?rest_route=\/wp\/v2\/posts\/198130","targetHints":{"allow":["GET"]}}],"collection":[{"href":"https:\/\/elluchador.info\/index.php?rest_route=\/wp\/v2\/posts"}],"about":[{"href":"https:\/\/elluchador.info\/index.php?rest_route=\/wp\/v2\/types\/post"}],"author":[{"embeddable":true,"href":"https:\/\/elluchador.info\/index.php?rest_route=\/wp\/v2\/users\/2"}],"replies":[{"embeddable":true,"href":"https:\/\/elluchador.info\/index.php?rest_route=%2Fwp%2Fv2%2Fcomments&post=198130"}],"version-history":[{"count":1,"href":"https:\/\/elluchador.info\/index.php?rest_route=\/wp\/v2\/posts\/198130\/revisions"}],"predecessor-version":[{"id":198132,"href":"https:\/\/elluchador.info\/index.php?rest_route=\/wp\/v2\/posts\/198130\/revisions\/198132"}],"wp:featuredmedia":[{"embeddable":true,"href":"https:\/\/elluchador.info\/index.php?rest_route=\/wp\/v2\/media\/198131"}],"wp:attachment":[{"href":"https:\/\/elluchador.info\/index.php?rest_route=%2Fwp%2Fv2%2Fmedia&parent=198130"}],"wp:term":[{"taxonomy":"category","embeddable":true,"href":"https:\/\/elluchador.info\/index.php?rest_route=%2Fwp%2Fv2%2Fcategories&post=198130"},{"taxonomy":"post_tag","embeddable":true,"href":"https:\/\/elluchador.info\/index.php?rest_route=%2Fwp%2Fv2%2Ftags&post=198130"}],"curies":[{"name":"wp","href":"https:\/\/api.w.org\/{rel}","templated":true}]}}