{"id":198143,"date":"2021-09-04T20:56:45","date_gmt":"2021-09-05T00:56:45","guid":{"rendered":"https:\/\/elluchador.info\/web\/?p=198143"},"modified":"2021-09-04T20:56:47","modified_gmt":"2021-09-05T00:56:47","slug":"mana-sera-honrada-con-el-premio-icono-de-billboard","status":"publish","type":"post","link":"https:\/\/elluchador.info\/?p=198143","title":{"rendered":"Man\u00e1 ser\u00e1 honrada con el Premio Icono de Billboard"},"content":{"rendered":"\n<p><br>La agrupaci\u00f3n mexicana de rock y pop Man\u00e1 ser\u00e1 honrada durante los Premios Billboard de la M\u00fasica Latina con el galard\u00f3n Icono, en una velada que se llevar\u00e1 a cabo el 23 de septiembre en Miami en la que adem\u00e1s interpretar\u00e1n su nuevo sencillo, una nueva versi\u00f3n del cl\u00e1sico \u00abEl Reloj Cuc\u00fa\u00bb.El grupo ser\u00e1 exaltado por \u00abhaber labrado una carrera que no solo se mantuvo relevante a lo largo del tiempo, sino que tambi\u00e9n los ha convertido en la banda m\u00e1s distinguida de su g\u00e9nero\u00bb, informaron desde Telemundo, que transmitir\u00e1 los premios, y la organizaci\u00f3n Billboard.<\/p>\n\n\n\n<p>Man\u00e1, ganadora de cuatro premios Grammy y ocho Grammy Latinos, cantar\u00e1 junto con Mabel su nuevo canci\u00f3n \u00abEl Reloj Cuc\u00fa\u00bb, que con el video ser\u00e1n lanzados ese mismo d\u00eda en todas las plataformas digitales.<\/p>\n\n\n\n<p>\u00abMan\u00e1 es un \u00edcono de la m\u00fasica latina, emblem\u00e1tica en el rock y en toda la m\u00fasica en espa\u00f1ol\u00bb, detallaron los organizadores de los premios.<\/p>\n\n\n\n<p>Los mexicanos tambi\u00e9n hablar\u00e1n durante la Semana de la M\u00fasica Latina de Billboard, que se llevar\u00e1 a cabo en Miami del 20 al 24 de septiembre y presentar\u00e1 conversaciones y actuaciones con cantantes como Karol G, Daddy Yankee y Nicky Jam, entre otros.<\/p>\n","protected":false},"excerpt":{"rendered":"<p>La agrupaci\u00f3n mexicana de rock y pop Man\u00e1 ser\u00e1 honrada durante los Premios Billboard de la M\u00fasica Latina con el galard\u00f3n Icono, en una velada que se llevar\u00e1 a cabo el 23 de septiembre en Miami en la que adem\u00e1s interpretar\u00e1n su nuevo sencillo, una nueva versi\u00f3n del cl\u00e1sico \u00abEl Reloj Cuc\u00fa\u00bb.El grupo ser\u00e1 exaltado [&hellip;]<\/p>\n","protected":false},"author":2,"featured_media":198144,"comment_status":"closed","ping_status":"closed","sticky":false,"template":"","format":"standard","meta":{"footnotes":""},"categories":[5,7],"tags":[],"class_list":{"0":"post-198143","1":"post","2":"type-post","3":"status-publish","4":"format-standard","5":"has-post-thumbnail","7":"category-destacado","8":"category-entretenimiento"},"_links":{"self":[{"href":"https:\/\/elluchador.info\/index.php?rest_route=\/wp\/v2\/posts\/198143","targetHints":{"allow":["GET"]}}],"collection":[{"href":"https:\/\/elluchador.info\/index.php?rest_route=\/wp\/v2\/posts"}],"about":[{"href":"https:\/\/elluchador.info\/index.php?rest_route=\/wp\/v2\/types\/post"}],"author":[{"embeddable":true,"href":"https:\/\/elluchador.info\/index.php?rest_route=\/wp\/v2\/users\/2"}],"replies":[{"embeddable":true,"href":"https:\/\/elluchador.info\/index.php?rest_route=%2Fwp%2Fv2%2Fcomments&post=198143"}],"version-history":[{"count":1,"href":"https:\/\/elluchador.info\/index.php?rest_route=\/wp\/v2\/posts\/198143\/revisions"}],"predecessor-version":[{"id":198145,"href":"https:\/\/elluchador.info\/index.php?rest_route=\/wp\/v2\/posts\/198143\/revisions\/198145"}],"wp:featuredmedia":[{"embeddable":true,"href":"https:\/\/elluchador.info\/index.php?rest_route=\/wp\/v2\/media\/198144"}],"wp:attachment":[{"href":"https:\/\/elluchador.info\/index.php?rest_route=%2Fwp%2Fv2%2Fmedia&parent=198143"}],"wp:term":[{"taxonomy":"category","embeddable":true,"href":"https:\/\/elluchador.info\/index.php?rest_route=%2Fwp%2Fv2%2Fcategories&post=198143"},{"taxonomy":"post_tag","embeddable":true,"href":"https:\/\/elluchador.info\/index.php?rest_route=%2Fwp%2Fv2%2Ftags&post=198143"}],"curies":[{"name":"wp","href":"https:\/\/api.w.org\/{rel}","templated":true}]}}