{"id":198149,"date":"2021-09-04T21:25:56","date_gmt":"2021-09-05T01:25:56","guid":{"rendered":"https:\/\/elluchador.info\/web\/?p=198149"},"modified":"2021-09-04T21:26:06","modified_gmt":"2021-09-05T01:26:06","slug":"cineastas-afganas-desde-venecia-el-mundo-nos-ha-traicionado","status":"publish","type":"post","link":"https:\/\/elluchador.info\/?p=198149","title":{"rendered":"Cineastas afganas desde Venecia: El mundo nos ha traicionado"},"content":{"rendered":"\n<p><br>El incipiente avance de la industria cinematogr\u00e1fica de Afganist\u00e1n se detuvo de repente el 15 de agosto con la toma de Kabul por los talibanes, que hizo a\u00f1icos el sue\u00f1o de los j\u00f3venes cineastas que aspiraban a cambiar su pa\u00eds: \u00abEl mundo nos ha traicionado\u00bb, denunciaron hoy desde Venecia.\u00abEn solo dos semanas los j\u00f3venes m\u00e1s prometedores, las personas de talento y las mentes m\u00e1s brillantes abandonaron el pa\u00eds\u00bb, denunci\u00f3 desde la Mostra la cineasta Sahraa Karimi, la primera mujer al frente de la Organizaci\u00f3n del Cine de Afganist\u00e1n.<\/p>\n\n\n\n<p>Karimi, que en 2019 compiti\u00f3 en la secci\u00f3n Horizontes de Venecia con \u00abHava, Maryam, Ayesha\u00bb, repas\u00f3 ante la prensa el trabajo que su organizaci\u00f3n hab\u00eda realizado y que el ascenso talib\u00e1n, propiciado por la salida de Estados Unidos, detuvo.<\/p>\n\n\n\n<p>LAS C\u00c1MARAS AFGANAS SE APAGARON<\/p>\n\n\n\n<p>Por su parte estaba preparando su segundo largometraje y dos documentales hist\u00f3ricos \u00abmuy importantes\u00bb, mientras se pensaban algunas adaptaciones de obras capitales de la literatura afgana.<\/p>\n\n\n\n<p>Asimismo iba a celebrar la segunda edici\u00f3n del Premio Nacional de Cinematograf\u00eda, se lanz\u00f3 el primer concurso de cortos y un foro para j\u00f3venes, se redactaba una nueva pol\u00edtica para el cine, se tej\u00edan acuerdos con otros pa\u00edses y se estaba completando un seguro para maquinaria y c\u00e1maras en apoyo de los directores.<\/p>\n\n\n\n<p>Todo esto, dijo, a pesar de la corrupci\u00f3n en el Gobierno, de un sinf\u00edn de dificultades, porque el sue\u00f1o de los artistas afganos antes de la pesadilla era \u00abcambiar la narrativa\u00bb sobre su pa\u00eds.<\/p>\n\n\n\n<p>\u00abQuer\u00edamos producir pel\u00edculas y contar nuestra historia desde un punto de vista distinto para mostrar la belleza\u00bb, asegur\u00f3.<\/p>\n\n\n\n<p>Sin embargo, lament\u00f3, \u00abtodo esto se detuvo en pocas horas\u00bb y tuvo que tomar su \u00abdecisi\u00f3n m\u00e1s dif\u00edcil\u00bb: abandonar su tierra.<\/p>\n\n\n\n<p>\u00abLos archivos son ahora de los talibanes y muchos directores, sobre todo independientes que en los \u00faltimos cinco a\u00f1os han participado en festivales y plataformas importantes, han visto desvanecerse su trabajo en pocas horas\u00bb, denunci\u00f3 Karimi, que compar\u00f3 este drama con la pel\u00edcula \u00abLa lista de Schindler\u00bb (1993).<\/p>\n\n\n\n<p>Para la realizadora, se trata de un problema que afecta a toda una generaci\u00f3n, pues el 17 % de las 33 millones de personas que viven en Afganist\u00e1n tienen menos de treinta a\u00f1os.<\/p>\n\n\n\n<p>\u00bfLEGITIMAR EL TERRORISMO?<\/p>\n\n\n\n<p>La otra directora que intervino en el foro fue Sahra Mani, que este a\u00f1o acudi\u00f3 a Venecia en busca de financiaci\u00f3n para su documental \u00abKabul Melody\u00bb, en el marco del programa \u00abVenice Production Bridge\u00bb.<\/p>\n\n\n\n<p>Trabajar en Afganist\u00e1n, ser cineasta, escritor, pintor, nunca fue f\u00e1cil debido a la corrupci\u00f3n end\u00e9mica que corroe todas sus estructuras estatales, pero los artistas perseveraban sin medios y a veces sin luz y con incontables exigencias burocr\u00e1ticas.<\/p>\n\n\n\n<p>Su obstinaci\u00f3n era, seg\u00fan Mani, la respuesta a la tiran\u00eda que representan los grupos radicales: \u00abQuer\u00edamos crear un pa\u00eds mejor para el futuro pero estos acontecimientos nos han quitado las armas con las que combatir\u00bb, sostuvo<\/p>\n\n\n\n<p>A lo largo de su trayectoria, la directora por ejemplo denunci\u00f3 por ejemplo la situaci\u00f3n de desamparo jur\u00eddico en su pel\u00edcula \u00abThousand girls like me\u00bb (2018), en el que recoge el caso de una chica que sufri\u00f3 los abusos sexuales de su padre durante trece a\u00f1os ante la impasibilidad de las autoridades afganas.<\/p>\n\n\n\n<p>Y a esta lacra social se suma ahora \u00abla crueldad\u00bb de los talibanes, que seg\u00fan explic\u00f3 ya han arrestado a m\u00fasicos por tocar instrumentos considerados prohibidos.<\/p>\n\n\n\n<p>Todo esto, dijo, ante los ojos del mundo, mientras los radicales religiosos se presentan \u00abm\u00e1s blandos\u00bb a trav\u00e9s de las redes sociales: \u00ab\u00bfC\u00f3mo es posible que terroristas internacionales hayan podido abrir oficinas?\u00bb, cuestion\u00f3.<\/p>\n\n\n\n<p>Pero el drama que vive el pa\u00eds \u00e1rabe sirve tambi\u00e9n de advertencia al planeta: \u00abHoy somos mi pueblo y yo quienes hemos perdido todo pero qui\u00e9n sabe si ma\u00f1ana llegar\u00e1n al resto del mundo\u00bb.<\/p>\n\n\n\n<p>La Bienal veneciana se preocupa desde hace tiempo por los ataques al S\u00e9ptimo Arte en el mundo y el a\u00f1o pasado lanz\u00f3 la Coalici\u00f3n Internacional para los Artistas en Riesgo y este a\u00f1o ha decidido acoger esta conferencia para denunciar la cuesti\u00f3n afgana.<\/p>\n\n\n\n<p>EL PODER DEL CINE<\/p>\n\n\n\n<p>En la conferencia participaron tambi\u00e9n la directora art\u00edstica del Festival de Rotterdam, Vanja Kaludjercic; pero tambi\u00e9n el de \u00c1msterdam, Orwa Nyrabia, y los dirigentes de la Academia Europea del Cine (EFA), Mike Downey y Matthijs Wouter Knol.<\/p>\n\n\n\n<p>Nyrabia, de nacionalidad siria, conoce bien lo que entra\u00f1a la guerra y la intolerancia por lo que inst\u00f3 a la industria del cine a apoyar a los artistas afganos contra \u00ablos malos\u00bb.<\/p>\n\n\n\n<p>\u00abEn Afganist\u00e1n ahora ser director supone ser un adversario importante (\u2026) La comunidad del cine es muy potente cuando se mueve siempre y puede defender a los compa\u00f1eros de un modo muy eficaz\u00bb, urgi\u00f3.<\/p>\n\n\n\n<p>EFE<\/p>\n","protected":false},"excerpt":{"rendered":"<p>El incipiente avance de la industria cinematogr\u00e1fica de Afganist\u00e1n se detuvo de repente el 15 de agosto con la toma de Kabul por los talibanes, que hizo a\u00f1icos el sue\u00f1o de los j\u00f3venes cineastas que aspiraban a cambiar su pa\u00eds: \u00abEl mundo nos ha traicionado\u00bb, denunciaron hoy desde Venecia.\u00abEn solo dos semanas los j\u00f3venes m\u00e1s [&hellip;]<\/p>\n","protected":false},"author":2,"featured_media":198150,"comment_status":"closed","ping_status":"closed","sticky":false,"template":"","format":"standard","meta":{"footnotes":""},"categories":[5,7],"tags":[],"class_list":{"0":"post-198149","1":"post","2":"type-post","3":"status-publish","4":"format-standard","5":"has-post-thumbnail","7":"category-destacado","8":"category-entretenimiento"},"_links":{"self":[{"href":"https:\/\/elluchador.info\/index.php?rest_route=\/wp\/v2\/posts\/198149","targetHints":{"allow":["GET"]}}],"collection":[{"href":"https:\/\/elluchador.info\/index.php?rest_route=\/wp\/v2\/posts"}],"about":[{"href":"https:\/\/elluchador.info\/index.php?rest_route=\/wp\/v2\/types\/post"}],"author":[{"embeddable":true,"href":"https:\/\/elluchador.info\/index.php?rest_route=\/wp\/v2\/users\/2"}],"replies":[{"embeddable":true,"href":"https:\/\/elluchador.info\/index.php?rest_route=%2Fwp%2Fv2%2Fcomments&post=198149"}],"version-history":[{"count":1,"href":"https:\/\/elluchador.info\/index.php?rest_route=\/wp\/v2\/posts\/198149\/revisions"}],"predecessor-version":[{"id":198151,"href":"https:\/\/elluchador.info\/index.php?rest_route=\/wp\/v2\/posts\/198149\/revisions\/198151"}],"wp:featuredmedia":[{"embeddable":true,"href":"https:\/\/elluchador.info\/index.php?rest_route=\/wp\/v2\/media\/198150"}],"wp:attachment":[{"href":"https:\/\/elluchador.info\/index.php?rest_route=%2Fwp%2Fv2%2Fmedia&parent=198149"}],"wp:term":[{"taxonomy":"category","embeddable":true,"href":"https:\/\/elluchador.info\/index.php?rest_route=%2Fwp%2Fv2%2Fcategories&post=198149"},{"taxonomy":"post_tag","embeddable":true,"href":"https:\/\/elluchador.info\/index.php?rest_route=%2Fwp%2Fv2%2Ftags&post=198149"}],"curies":[{"name":"wp","href":"https:\/\/api.w.org\/{rel}","templated":true}]}}