{"id":198152,"date":"2021-09-04T22:18:20","date_gmt":"2021-09-05T02:18:20","guid":{"rendered":"https:\/\/elluchador.info\/web\/?p=198152"},"modified":"2021-09-04T22:18:21","modified_gmt":"2021-09-05T02:18:21","slug":"toda-la-vinotinto-disponible-para-jugar-con-peru-tras-dar-negativo-a-covid","status":"publish","type":"post","link":"https:\/\/elluchador.info\/?p=198152","title":{"rendered":"Toda la Vinotinto disponible para jugar con Per\u00fa tras dar negativo a covid"},"content":{"rendered":"\n<p><br><\/p>\n\n\n\n<p>Todos los jugadores de la selecci\u00f3n venezolana de f\u00fatbol estar\u00e1n disponibles para jugar este domingo frente a Per\u00fa su partido de las eliminatorias suramericanas para Catar 2022, tras dar negativo en las correspondientes pruebas de covid-19.<\/p>\n\n\n\n<p>\u00abToda la delegaci\u00f3n Vinotinto obtuvo resultados negativos en sus pruebas PCR realizadas en Lima\u00bb, public\u00f3 en un escueto mensaje la Federaci\u00f3n Venezolana de F\u00fatbol (FVF) en la cuenta de Twitter de la selecci\u00f3n.<\/p>\n\n\n\n<p>El equipo llega a su duelo frente a Per\u00fa en una situaci\u00f3n muy complicada como \u00faltima del grupo suramericano con apenas cuatro puntos, uno menos que su rival de este domingo, que le precede en la clasificaci\u00f3n.<\/p>\n\n\n\n<p>Adem\u00e1s, perdi\u00f3 en su partido de la novena jornada, disputado este jueves, por un claro 1-3 frente a Argentina.<\/p>\n\n\n\n<p>El equipo estar\u00e1 dirigido de manera interina por Leonardo Gonz\u00e1lez, quien se ha puesto al frente de la Vinotinto de manera temporal tras la renuncia del seleccionador, el portugu\u00e9s Jos\u00e9 Peseiro, quien, al igual que su equipo, llevaba m\u00e1s de un a\u00f1o sin percibir su sueldo.<\/p>\n\n\n\n<p>La Vinotinto arrib\u00f3 este viernes a Lima, tras haber sumado a su concentraci\u00f3n al defensa Francisco La Mant\u00eda, del Deportivo La Guaira de su pa\u00eds, luego de sufrir las bajas de los centrales Jos\u00e9 Manuel Vel\u00e1zquez, por lesi\u00f3n, y de Adri\u00e1n Mart\u00ednez, por expulsi\u00f3n.<\/p>\n\n\n\n<p>Sus bajas se suman a las de Fernando Aristeguieta (capit\u00e1n en la pasada Copa Am\u00e9rica), Darwin Mach\u00eds y Yordan Osorio, todos ellos por distintas lesiones que les impidieron sumarse a la concentraci\u00f3n.<\/p>\n\n\n\n<p>Tambi\u00e9n a la del delantero Salom\u00f3n Rond\u00f3n, del Everton ingl\u00e9s, quien no pudo unirse a la convocatoria de la Vinotinto para estos tres partidos, si bien la FVF no facilit\u00f3 detalles de las razones por las que el futbolista no pudo incorporarse a la convocatoria.<\/p>\n\n\n\n<p>El encuentro de ma\u00f1ana, v\u00e1lido por la sexta jornada pendiente de las eliminatorias sudamericanas, se disputar\u00e1 en el Estadio Nacional con un aforo reducido de aficionados, despu\u00e9s de que las autoridades peruanas autorizaran el retorno de p\u00fablico a los partidos de la selecci\u00f3n nacional.<\/p>\n\n\n\n<p>EFE<\/p>\n","protected":false},"excerpt":{"rendered":"<p>Todos los jugadores de la selecci\u00f3n venezolana de f\u00fatbol estar\u00e1n disponibles para jugar este domingo frente a Per\u00fa su partido de las eliminatorias suramericanas para Catar 2022, tras dar negativo en las correspondientes pruebas de covid-19. \u00abToda la delegaci\u00f3n Vinotinto obtuvo resultados negativos en sus pruebas PCR realizadas en Lima\u00bb, public\u00f3 en un escueto mensaje [&hellip;]<\/p>\n","protected":false},"author":2,"featured_media":198153,"comment_status":"closed","ping_status":"closed","sticky":false,"template":"","format":"standard","meta":{"footnotes":""},"categories":[4,5],"tags":[],"class_list":{"0":"post-198152","1":"post","2":"type-post","3":"status-publish","4":"format-standard","5":"has-post-thumbnail","7":"category-deportes","8":"category-destacado"},"_links":{"self":[{"href":"https:\/\/elluchador.info\/index.php?rest_route=\/wp\/v2\/posts\/198152","targetHints":{"allow":["GET"]}}],"collection":[{"href":"https:\/\/elluchador.info\/index.php?rest_route=\/wp\/v2\/posts"}],"about":[{"href":"https:\/\/elluchador.info\/index.php?rest_route=\/wp\/v2\/types\/post"}],"author":[{"embeddable":true,"href":"https:\/\/elluchador.info\/index.php?rest_route=\/wp\/v2\/users\/2"}],"replies":[{"embeddable":true,"href":"https:\/\/elluchador.info\/index.php?rest_route=%2Fwp%2Fv2%2Fcomments&post=198152"}],"version-history":[{"count":1,"href":"https:\/\/elluchador.info\/index.php?rest_route=\/wp\/v2\/posts\/198152\/revisions"}],"predecessor-version":[{"id":198154,"href":"https:\/\/elluchador.info\/index.php?rest_route=\/wp\/v2\/posts\/198152\/revisions\/198154"}],"wp:featuredmedia":[{"embeddable":true,"href":"https:\/\/elluchador.info\/index.php?rest_route=\/wp\/v2\/media\/198153"}],"wp:attachment":[{"href":"https:\/\/elluchador.info\/index.php?rest_route=%2Fwp%2Fv2%2Fmedia&parent=198152"}],"wp:term":[{"taxonomy":"category","embeddable":true,"href":"https:\/\/elluchador.info\/index.php?rest_route=%2Fwp%2Fv2%2Fcategories&post=198152"},{"taxonomy":"post_tag","embeddable":true,"href":"https:\/\/elluchador.info\/index.php?rest_route=%2Fwp%2Fv2%2Ftags&post=198152"}],"curies":[{"name":"wp","href":"https:\/\/api.w.org\/{rel}","templated":true}]}}