{"id":198169,"date":"2021-09-05T19:21:45","date_gmt":"2021-09-05T23:21:45","guid":{"rendered":"https:\/\/elluchador.info\/web\/?p=198169"},"modified":"2021-09-05T19:21:47","modified_gmt":"2021-09-05T23:21:47","slug":"maduro-anuncio-que-en-octubre-iniciaran-clases-presenciales-bajo-esquema-77","status":"publish","type":"post","link":"https:\/\/elluchador.info\/?p=198169","title":{"rendered":"Maduro anunci\u00f3 que, en octubre iniciar\u00e1n clases presenciales bajo esquema 7+7"},"content":{"rendered":"\n<p>\u00abYa para octubre vamos a estar vacunando a todos los ni\u00f1os, ni\u00f1as y adolescentes. En el aula de clases, para diciembre, todos deber\u00edan estar vacunados\u00bb, puntualiz\u00f3.<br>Al se\u00f1alar que aspiran a \u00abun alt\u00edsimo nivel de vacunaci\u00f3n\u00bb, indic\u00f3 que la inmunizaci\u00f3n de la poblaci\u00f3n combinada con las medidas de prevenci\u00f3n y bioseguridad permitir\u00e1n la plena recuperaci\u00f3n de la educaci\u00f3n en Venezuela.\u00a0<\/p>\n\n\n\n<p>Bajo un estricto protocolo de bioseguridad, reiniciar\u00e1 la modalidad de educaci\u00f3n presencial en las semanas de flexibilizaci\u00f3n, establecidas en el esquema 7+7.<\/p>\n\n\n\n<p>El anuncio lo realiz\u00f3 el presidente de la Rep\u00fablica, Nicol\u00e1s Maduro, quien detall\u00f3 que el mecanismo de retorno parcial permitir\u00e1 la adaptaci\u00f3n progresiva del estudiantado venezolano, que desde el 16 de marzo de 2020 mantiene su formaci\u00f3n en casa.<br>En entrevista concedida al programa Aqu\u00ed con Ernesto Villegas, moderado por el periodista Ernesto Villegas, reiter\u00f3 que el regreso a las aulas de clases se desarrollar\u00e1 en simult\u00e1neo con la jornada de vacunaci\u00f3n contra COVID-19 para la poblaci\u00f3n de 3 a 18 a\u00f1os.<\/p>\n\n\n\n<p><strong>Minci<\/strong><\/p>\n","protected":false},"excerpt":{"rendered":"<p>\u00abYa para octubre vamos a estar vacunando a todos los ni\u00f1os, ni\u00f1as y adolescentes. En el aula de clases, para diciembre, todos deber\u00edan estar vacunados\u00bb, puntualiz\u00f3.Al se\u00f1alar que aspiran a \u00abun alt\u00edsimo nivel de vacunaci\u00f3n\u00bb, indic\u00f3 que la inmunizaci\u00f3n de la poblaci\u00f3n combinada con las medidas de prevenci\u00f3n y bioseguridad permitir\u00e1n la plena recuperaci\u00f3n de [&hellip;]<\/p>\n","protected":false},"author":2,"featured_media":176154,"comment_status":"closed","ping_status":"closed","sticky":false,"template":"","format":"standard","meta":{"footnotes":""},"categories":[5,9],"tags":[],"class_list":{"0":"post-198169","1":"post","2":"type-post","3":"status-publish","4":"format-standard","5":"has-post-thumbnail","7":"category-destacado","8":"category-nacionales"},"_links":{"self":[{"href":"https:\/\/elluchador.info\/index.php?rest_route=\/wp\/v2\/posts\/198169","targetHints":{"allow":["GET"]}}],"collection":[{"href":"https:\/\/elluchador.info\/index.php?rest_route=\/wp\/v2\/posts"}],"about":[{"href":"https:\/\/elluchador.info\/index.php?rest_route=\/wp\/v2\/types\/post"}],"author":[{"embeddable":true,"href":"https:\/\/elluchador.info\/index.php?rest_route=\/wp\/v2\/users\/2"}],"replies":[{"embeddable":true,"href":"https:\/\/elluchador.info\/index.php?rest_route=%2Fwp%2Fv2%2Fcomments&post=198169"}],"version-history":[{"count":1,"href":"https:\/\/elluchador.info\/index.php?rest_route=\/wp\/v2\/posts\/198169\/revisions"}],"predecessor-version":[{"id":198175,"href":"https:\/\/elluchador.info\/index.php?rest_route=\/wp\/v2\/posts\/198169\/revisions\/198175"}],"wp:featuredmedia":[{"embeddable":true,"href":"https:\/\/elluchador.info\/index.php?rest_route=\/wp\/v2\/media\/176154"}],"wp:attachment":[{"href":"https:\/\/elluchador.info\/index.php?rest_route=%2Fwp%2Fv2%2Fmedia&parent=198169"}],"wp:term":[{"taxonomy":"category","embeddable":true,"href":"https:\/\/elluchador.info\/index.php?rest_route=%2Fwp%2Fv2%2Fcategories&post=198169"},{"taxonomy":"post_tag","embeddable":true,"href":"https:\/\/elluchador.info\/index.php?rest_route=%2Fwp%2Fv2%2Ftags&post=198169"}],"curies":[{"name":"wp","href":"https:\/\/api.w.org\/{rel}","templated":true}]}}