{"id":198181,"date":"2021-09-05T19:35:31","date_gmt":"2021-09-05T23:35:31","guid":{"rendered":"https:\/\/elluchador.info\/web\/?p=198181"},"modified":"2021-09-05T19:35:33","modified_gmt":"2021-09-05T23:35:33","slug":"vecinos-de-los-alacranes-en-ciudad-guayana-en-riesgo-por-carcava-tras-intensas-lluvias","status":"publish","type":"post","link":"https:\/\/elluchador.info\/?p=198181","title":{"rendered":"Vecinos de \u00abLos Alacranes\u00bb en Ciudad Guayana en riesgo por c\u00e1rcava tras intensas lluvias"},"content":{"rendered":"\n<p>Vecinos de la Urbanizaci\u00f3n Francisco Avenda\u00f1o mejor conocida como Los Alacranes, exigen presencia de las autoridades tras parcial colapso de c\u00e1rcava ubicada en el sector luego de las intensas lluvias registradas en Ciudad Guayana la madrugada de este 5 de septiembre.<\/p>\n\n\n\n<p>\u00c1ngel Brito, uno de los afectados hizo un llamado a los organismos regionales y municipales para que atiendan urgentemente la problem\u00e1tica de la c\u00e1rcava que lleva m\u00e1s de 15 a\u00f1os en formaci\u00f3n y que actualmente pone en riesgo a m\u00e1s de 40 familias.<\/p>\n\n\n\n<p>\u201cEsta madrugada escuchamos un fuerte ruido y hoy vinimos a ver y una de las bateas por donde pasa el agua se rompi\u00f3 producto de las lluvias, la estructura cedi\u00f3 y tememos que con otra lluvia m\u00e1s la situaci\u00f3n sea peor\u201d.<\/p>\n\n\n\n<p>Los vecinos manifestaron que el tema es preocupante por la cantidad de familias en riesgo, entre ellos ni\u00f1os y adultos mayores.<\/p>\n\n\n\n<p><strong>\u00c9poca de lluvias<\/strong><\/p>\n\n\n\n<p>Por su parte, Efren G\u00f3mez, tambi\u00e9n residente del sector coment\u00f3 que la situaci\u00f3n se ha agravado en los \u00faltimos d\u00edas por las constantes lluvias que han ca\u00eddo en la regi\u00f3n y por la escasa supervisi\u00f3n de los organismos de seguridad y protecci\u00f3n.<\/p>\n\n\n\n<p>\u201cTomen medidas y vengan para que conozcan la situaci\u00f3n que est\u00e1 pasando en el sector y que afecta a muchas familias\u201d.<\/p>\n\n\n\n<p>EDG<\/p>\n","protected":false},"excerpt":{"rendered":"<p>Vecinos de la Urbanizaci\u00f3n Francisco Avenda\u00f1o mejor conocida como Los Alacranes, exigen presencia de las autoridades tras parcial colapso de c\u00e1rcava ubicada en el sector luego de las intensas lluvias registradas en Ciudad Guayana la madrugada de este 5 de septiembre. \u00c1ngel Brito, uno de los afectados hizo un llamado a los organismos regionales y [&hellip;]<\/p>\n","protected":false},"author":2,"featured_media":198182,"comment_status":"closed","ping_status":"closed","sticky":false,"template":"","format":"standard","meta":{"footnotes":""},"categories":[5,12],"tags":[],"class_list":{"0":"post-198181","1":"post","2":"type-post","3":"status-publish","4":"format-standard","5":"has-post-thumbnail","7":"category-destacado","8":"category-regionales"},"_links":{"self":[{"href":"https:\/\/elluchador.info\/index.php?rest_route=\/wp\/v2\/posts\/198181","targetHints":{"allow":["GET"]}}],"collection":[{"href":"https:\/\/elluchador.info\/index.php?rest_route=\/wp\/v2\/posts"}],"about":[{"href":"https:\/\/elluchador.info\/index.php?rest_route=\/wp\/v2\/types\/post"}],"author":[{"embeddable":true,"href":"https:\/\/elluchador.info\/index.php?rest_route=\/wp\/v2\/users\/2"}],"replies":[{"embeddable":true,"href":"https:\/\/elluchador.info\/index.php?rest_route=%2Fwp%2Fv2%2Fcomments&post=198181"}],"version-history":[{"count":1,"href":"https:\/\/elluchador.info\/index.php?rest_route=\/wp\/v2\/posts\/198181\/revisions"}],"predecessor-version":[{"id":198183,"href":"https:\/\/elluchador.info\/index.php?rest_route=\/wp\/v2\/posts\/198181\/revisions\/198183"}],"wp:featuredmedia":[{"embeddable":true,"href":"https:\/\/elluchador.info\/index.php?rest_route=\/wp\/v2\/media\/198182"}],"wp:attachment":[{"href":"https:\/\/elluchador.info\/index.php?rest_route=%2Fwp%2Fv2%2Fmedia&parent=198181"}],"wp:term":[{"taxonomy":"category","embeddable":true,"href":"https:\/\/elluchador.info\/index.php?rest_route=%2Fwp%2Fv2%2Fcategories&post=198181"},{"taxonomy":"post_tag","embeddable":true,"href":"https:\/\/elluchador.info\/index.php?rest_route=%2Fwp%2Fv2%2Ftags&post=198181"}],"curies":[{"name":"wp","href":"https:\/\/api.w.org\/{rel}","templated":true}]}}