{"id":198199,"date":"2021-09-05T21:17:50","date_gmt":"2021-09-06T01:17:50","guid":{"rendered":"https:\/\/elluchador.info\/web\/?p=198199"},"modified":"2021-09-05T21:17:52","modified_gmt":"2021-09-06T01:17:52","slug":"investigan-a-gobernador-de-anzoategui-por-omitir-inversion-de-recursos-en-el-rio-neveri","status":"publish","type":"post","link":"https:\/\/elluchador.info\/?p=198199","title":{"rendered":"Investigan a gobernador de Anzo\u00e1tegui por \u00abomitir inversi\u00f3n de recursos\u00bb en el r\u00edo Never\u00ed"},"content":{"rendered":"\n<p><br>El Ministerio P\u00fablico abre investigaci\u00f3n penal al gobernador Antonio Barreto Sira, \u00aben virtud del riesgo al que someti\u00f3 a poblaciones de Barcelona y Puerto La Cruz\u00bb. El anuncio se da tras las recientes lluvias que causaron el desbordamiento del r\u00edo Never\u00ed<\/p>\n\n\n\n<p>El fiscal general de la Rep\u00fablica, Tarek William Saab, inform\u00f3 este domingo v\u00eda redes sociales que el Ministerio P\u00fablico (MP) inici\u00f3 investigaciones penales contra el gobernador del estado Anzo\u00e1tegui, Antonio Barreto Sira, por el riesgo al que someti\u00f3 a poblaciones de Barcelona y Puerto La Cruz.<\/p>\n\n\n\n<p>A trav\u00e9s de su cuenta de Twitter, Saab indic\u00f3 que el gobernador Antonio Barreto ser\u00e1 investigado \u00abpor su mala gesti\u00f3n p\u00fablica al omitir dolosamente inversi\u00f3n de recursos para evitar la obstrucci\u00f3n del canal de aliviadero del r\u00edo Never\u00ed\u00bb.<\/p>\n\n\n\n<p>El anuncio se da tras las lluvias reportadas en diversas regiones del pa\u00eds y el reciente desbordamiento del r\u00edo Never\u00ed.<\/p>\n\n\n\n<p>Por tal raz\u00f3n, fueron designados los fiscales quinto de Anzo\u00e1tegui y 55 Nacional, quienes investigan los presuntos delitos de Disposici\u00f3n indebida de residuos contemplados en el art\u00edculo 100 de la Ley Penal del Ambiente y Malversaci\u00f3n Agravada; adem\u00e1s en el art\u00edculo 59 del Decreto con Rango, Valor y Fuerza de Ley Contra la Corrupci\u00f3n.<\/p>\n","protected":false},"excerpt":{"rendered":"<p>El Ministerio P\u00fablico abre investigaci\u00f3n penal al gobernador Antonio Barreto Sira, \u00aben virtud del riesgo al que someti\u00f3 a poblaciones de Barcelona y Puerto La Cruz\u00bb. El anuncio se da tras las recientes lluvias que causaron el desbordamiento del r\u00edo Never\u00ed El fiscal general de la Rep\u00fablica, Tarek William Saab, inform\u00f3 este domingo v\u00eda redes [&hellip;]<\/p>\n","protected":false},"author":2,"featured_media":198200,"comment_status":"closed","ping_status":"closed","sticky":false,"template":"","format":"standard","meta":{"footnotes":""},"categories":[9],"tags":[],"class_list":{"0":"post-198199","1":"post","2":"type-post","3":"status-publish","4":"format-standard","5":"has-post-thumbnail","7":"category-nacionales"},"_links":{"self":[{"href":"https:\/\/elluchador.info\/index.php?rest_route=\/wp\/v2\/posts\/198199","targetHints":{"allow":["GET"]}}],"collection":[{"href":"https:\/\/elluchador.info\/index.php?rest_route=\/wp\/v2\/posts"}],"about":[{"href":"https:\/\/elluchador.info\/index.php?rest_route=\/wp\/v2\/types\/post"}],"author":[{"embeddable":true,"href":"https:\/\/elluchador.info\/index.php?rest_route=\/wp\/v2\/users\/2"}],"replies":[{"embeddable":true,"href":"https:\/\/elluchador.info\/index.php?rest_route=%2Fwp%2Fv2%2Fcomments&post=198199"}],"version-history":[{"count":1,"href":"https:\/\/elluchador.info\/index.php?rest_route=\/wp\/v2\/posts\/198199\/revisions"}],"predecessor-version":[{"id":198201,"href":"https:\/\/elluchador.info\/index.php?rest_route=\/wp\/v2\/posts\/198199\/revisions\/198201"}],"wp:featuredmedia":[{"embeddable":true,"href":"https:\/\/elluchador.info\/index.php?rest_route=\/wp\/v2\/media\/198200"}],"wp:attachment":[{"href":"https:\/\/elluchador.info\/index.php?rest_route=%2Fwp%2Fv2%2Fmedia&parent=198199"}],"wp:term":[{"taxonomy":"category","embeddable":true,"href":"https:\/\/elluchador.info\/index.php?rest_route=%2Fwp%2Fv2%2Fcategories&post=198199"},{"taxonomy":"post_tag","embeddable":true,"href":"https:\/\/elluchador.info\/index.php?rest_route=%2Fwp%2Fv2%2Ftags&post=198199"}],"curies":[{"name":"wp","href":"https:\/\/api.w.org\/{rel}","templated":true}]}}