{"id":198202,"date":"2021-09-06T08:15:44","date_gmt":"2021-09-06T12:15:44","guid":{"rendered":"https:\/\/elluchador.info\/web\/?p=198202"},"modified":"2021-09-06T08:15:46","modified_gmt":"2021-09-06T12:15:46","slug":"venezuela-entra-en-cuarentena-radical-hasta-el-12-de-septiembre","status":"publish","type":"post","link":"https:\/\/elluchador.info\/?p=198202","title":{"rendered":"Venezuela entra en cuarentena radical hasta el 12 de septiembre"},"content":{"rendered":"\n<p>Desde este lunes 6 y hasta el domingo 12 de septiembre, Venezuela entra nuevamente en cuarentena radical, bajo el m\u00e9todo 7+7, para hacer frente a la pandemia por Covid-19.<\/p>\n\n\n\n<p>As\u00ed lo anunci\u00f3 este domingo el presidente Nicol\u00e1s Maduro, mediante un mensaje de voz publicado en la red social Twitter, en donde manifest\u00f3: \u201cCon el 7+7 nos ha ido bien. Tengamos confianza y tengamos fe, y bueno todo el mundo a cuidarse. El Coronavirus no se ha ido; no se ha acabado\u201d<\/p>\n\n\n\n<p>Al mismo tiempo, el Jefe de Estado se\u00f1al\u00f3 que contin\u00faan avanzando las jornadas masivas de vacunaci\u00f3n en el territorio nacional, sin embargo, llam\u00f3 a la poblaci\u00f3n a cuidarse. \u201cToco la campana para que todos estemos moscas. Todos nos cuidemos, lo hago por tu bien\u201d.<\/p>\n\n\n\n<figure class=\"wp-block-embed is-type-rich is-provider-twitter wp-block-embed-twitter\"><div class=\"wp-block-embed__wrapper\">\n<blockquote class=\"twitter-tweet\" data-width=\"550\" data-dnt=\"true\"><p lang=\"es\" dir=\"ltr\">Toco la campana para que arranquen los 7 d\u00edas de cuidados especiales frente a la Pandemia, mejor conocida como la semana de Cuarentena Radical. \u00a1Ya Saben! Tengamos confianza en el M\u00e9todo 7+7, fe en Dios y m\u00e1xima protecci\u00f3n. \u00a1El Coronavirus Anda Suelto! \u00a1Cuid\u00e9monos! <a href=\"https:\/\/t.co\/g3U2LMXYam\">pic.twitter.com\/g3U2LMXYam<\/a><\/p>&mdash; Nicol\u00e1s Maduro (@NicolasMaduro) <a href=\"https:\/\/twitter.com\/NicolasMaduro\/status\/1434730274223501313?ref_src=twsrc%5Etfw\">September 6, 2021<\/a><\/blockquote><script async src=\"https:\/\/platform.twitter.com\/widgets.js\" charset=\"utf-8\"><\/script>\n<\/div><\/figure>\n\n\n\n<p>WTC R<strong>adio<\/strong><\/p>\n","protected":false},"excerpt":{"rendered":"<p>Desde este lunes 6 y hasta el domingo 12 de septiembre, Venezuela entra nuevamente en cuarentena radical, bajo el m\u00e9todo 7+7, para hacer frente a la pandemia por Covid-19. As\u00ed lo anunci\u00f3 este domingo el presidente Nicol\u00e1s Maduro, mediante un mensaje de voz publicado en la red social Twitter, en donde manifest\u00f3: \u201cCon el 7+7 [&hellip;]<\/p>\n","protected":false},"author":2,"featured_media":192514,"comment_status":"closed","ping_status":"closed","sticky":false,"template":"","format":"standard","meta":{"footnotes":""},"categories":[5,9],"tags":[],"class_list":{"0":"post-198202","1":"post","2":"type-post","3":"status-publish","4":"format-standard","5":"has-post-thumbnail","7":"category-destacado","8":"category-nacionales"},"_links":{"self":[{"href":"https:\/\/elluchador.info\/index.php?rest_route=\/wp\/v2\/posts\/198202","targetHints":{"allow":["GET"]}}],"collection":[{"href":"https:\/\/elluchador.info\/index.php?rest_route=\/wp\/v2\/posts"}],"about":[{"href":"https:\/\/elluchador.info\/index.php?rest_route=\/wp\/v2\/types\/post"}],"author":[{"embeddable":true,"href":"https:\/\/elluchador.info\/index.php?rest_route=\/wp\/v2\/users\/2"}],"replies":[{"embeddable":true,"href":"https:\/\/elluchador.info\/index.php?rest_route=%2Fwp%2Fv2%2Fcomments&post=198202"}],"version-history":[{"count":1,"href":"https:\/\/elluchador.info\/index.php?rest_route=\/wp\/v2\/posts\/198202\/revisions"}],"predecessor-version":[{"id":198203,"href":"https:\/\/elluchador.info\/index.php?rest_route=\/wp\/v2\/posts\/198202\/revisions\/198203"}],"wp:featuredmedia":[{"embeddable":true,"href":"https:\/\/elluchador.info\/index.php?rest_route=\/wp\/v2\/media\/192514"}],"wp:attachment":[{"href":"https:\/\/elluchador.info\/index.php?rest_route=%2Fwp%2Fv2%2Fmedia&parent=198202"}],"wp:term":[{"taxonomy":"category","embeddable":true,"href":"https:\/\/elluchador.info\/index.php?rest_route=%2Fwp%2Fv2%2Fcategories&post=198202"},{"taxonomy":"post_tag","embeddable":true,"href":"https:\/\/elluchador.info\/index.php?rest_route=%2Fwp%2Fv2%2Ftags&post=198202"}],"curies":[{"name":"wp","href":"https:\/\/api.w.org\/{rel}","templated":true}]}}