{"id":198208,"date":"2021-09-06T08:58:28","date_gmt":"2021-09-06T12:58:28","guid":{"rendered":"https:\/\/elluchador.info\/web\/?p=198208"},"modified":"2021-09-06T08:58:30","modified_gmt":"2021-09-06T12:58:30","slug":"peru-advierte-de-grandes-posibilidades-de-llegar-a-tercera-ola-de-covid-19","status":"publish","type":"post","link":"https:\/\/elluchador.info\/?p=198208","title":{"rendered":"Per\u00fa advierte de \u00abgrandes posibilidades\u00bb de llegar a tercera ola de COVID-19"},"content":{"rendered":"\n<p>El titular del Ministerio de Salud (Minsa) de Per\u00fa, Hernando Cevallos, advirti\u00f3 este domingo que el pa\u00eds se enfrenta a las \u00abgrandes posibilidades\u00bb de llegar a la tercera ola de la COVID-19, enfermedad que deja 2,15 millones de casos positivos confirmados en la naci\u00f3n sudamericana.<\/p>\n\n\n\n<p>\u00abEl riesgo de una tercera ola es muy concreto, no tenemos todav\u00eda los \u00edndices de crecimiento para decir que estamos en la tercera ola, pero s\u00ed tenemos grandes posibilidades de llegar a eso\u00bb, dijo en declaraciones al privado Canal N.<\/p>\n\n\n\n<p>En ese contexto, el funcionario asegur\u00f3 que por eso es necesario que las autoridades \u00abpreparen mejor\u00bb al pa\u00eds para enfrentar esta situaci\u00f3n, que podr\u00eda generarse a finales de este mes.<\/p>\n\n\n\n<p>Cevallos record\u00f3 que \u00abm\u00e1s del 70 por ciento\u00bb de pa\u00edses han afrontado a la tercera ola, e incluso \u00abest\u00e1n en una cuarta y quinta ola, y son pa\u00edses con un alto porcentaje de su poblaci\u00f3n vacunada\u00bb.<\/p>\n\n\n\n<p>\u00abEntonces, \u00bfpor qu\u00e9 no podr\u00eda llegar al Per\u00fa, cuando lo que estamos viendo es que hay un ascenso, lento todav\u00eda, de algunas variantes, como la variante Delta, que tiene un alto grado de contagiosidad y agresividad?\u00bb, se pregunt\u00f3.<\/p>\n\n\n\n<p>En titular del Minsa explic\u00f3 que el nivel de riesgo se mide por la cantidad de casos positivos de la naci\u00f3n, que a\u00fan no son muy altos; y tambi\u00e9n se toma en cuenta la cantidad de vacunados, que ahora es el m\u00e1s del 30 por ciento de la poblaci\u00f3n objetivo.<\/p>\n\n\n\n<p>Para enfrentar la situaci\u00f3n las autoridades peruanas ponen su confianza en las vacunas, por lo que celebraron la s\u00e9ptima mega jornada de inmunizaci\u00f3n \u00abVacunat\u00f3n\u00bb, en el marco del cual este fin de semana logr\u00f3 aplicar m\u00e1s de 601.477 inyecciones contra la COVID-19.<\/p>\n\n\n\n<p>A la fecha, se ha logrado aplicar 19.563.149 inyecciones contra el coronavirus en todo el pa\u00eds, de las cuales 8.516.767 corresponden a la segunda dosis requerida para la protecci\u00f3n total.<\/p>\n\n\n\n<p>De acuerdo con el \u00faltimo reporte del Minsa, Per\u00fa totaliza 2.155.034 casos confirmados y 198.488 muertes por COVID-19.<\/p>\n\n\n\n<p><strong>Xinhua<\/strong><\/p>\n","protected":false},"excerpt":{"rendered":"<p>El titular del Ministerio de Salud (Minsa) de Per\u00fa, Hernando Cevallos, advirti\u00f3 este domingo que el pa\u00eds se enfrenta a las \u00abgrandes posibilidades\u00bb de llegar a la tercera ola de la COVID-19, enfermedad que deja 2,15 millones de casos positivos confirmados en la naci\u00f3n sudamericana. \u00abEl riesgo de una tercera ola es muy concreto, no [&hellip;]<\/p>\n","protected":false},"author":2,"featured_media":198209,"comment_status":"closed","ping_status":"closed","sticky":false,"template":"","format":"standard","meta":{"footnotes":""},"categories":[8],"tags":[],"class_list":{"0":"post-198208","1":"post","2":"type-post","3":"status-publish","4":"format-standard","5":"has-post-thumbnail","7":"category-internacionales"},"_links":{"self":[{"href":"https:\/\/elluchador.info\/index.php?rest_route=\/wp\/v2\/posts\/198208","targetHints":{"allow":["GET"]}}],"collection":[{"href":"https:\/\/elluchador.info\/index.php?rest_route=\/wp\/v2\/posts"}],"about":[{"href":"https:\/\/elluchador.info\/index.php?rest_route=\/wp\/v2\/types\/post"}],"author":[{"embeddable":true,"href":"https:\/\/elluchador.info\/index.php?rest_route=\/wp\/v2\/users\/2"}],"replies":[{"embeddable":true,"href":"https:\/\/elluchador.info\/index.php?rest_route=%2Fwp%2Fv2%2Fcomments&post=198208"}],"version-history":[{"count":1,"href":"https:\/\/elluchador.info\/index.php?rest_route=\/wp\/v2\/posts\/198208\/revisions"}],"predecessor-version":[{"id":198210,"href":"https:\/\/elluchador.info\/index.php?rest_route=\/wp\/v2\/posts\/198208\/revisions\/198210"}],"wp:featuredmedia":[{"embeddable":true,"href":"https:\/\/elluchador.info\/index.php?rest_route=\/wp\/v2\/media\/198209"}],"wp:attachment":[{"href":"https:\/\/elluchador.info\/index.php?rest_route=%2Fwp%2Fv2%2Fmedia&parent=198208"}],"wp:term":[{"taxonomy":"category","embeddable":true,"href":"https:\/\/elluchador.info\/index.php?rest_route=%2Fwp%2Fv2%2Fcategories&post=198208"},{"taxonomy":"post_tag","embeddable":true,"href":"https:\/\/elluchador.info\/index.php?rest_route=%2Fwp%2Fv2%2Ftags&post=198208"}],"curies":[{"name":"wp","href":"https:\/\/api.w.org\/{rel}","templated":true}]}}