{"id":198225,"date":"2021-09-06T16:19:10","date_gmt":"2021-09-06T20:19:10","guid":{"rendered":"https:\/\/elluchador.info\/web\/?p=198225"},"modified":"2021-09-06T16:19:11","modified_gmt":"2021-09-06T20:19:11","slug":"continua-en-soledad-plan-de-vacunacion-masiva-contra-covid-19","status":"publish","type":"post","link":"https:\/\/elluchador.info\/?p=198225","title":{"rendered":"Contin\u00faa en Soledad plan de vacunaci\u00f3n masiva contra Covid-19"},"content":{"rendered":"\n<p>La Alcaldia de Independencia de Anzo\u00e1tegui \u00a0y las autoridades sanitarias siguen adelantando las medidas de prevenci\u00f3n, urgentes y de aplicaci\u00f3n inmediata, as\u00ed como el plan de vacunaci\u00f3n masiva contra el Covid-19, en el marco del decreto que \u00a0promulg\u00f3 en agosto el alcalde Carlos Vidal en defensa de la salud p\u00fablica, frente al aumento de casos de \u00a0contagios confirmados del citado coronavirus en esa jurisdicci\u00f3n municipal.<\/p>\n\n\n\n<p>Entre las acciones destaca el exhorto a la ciudadan\u00eda sobre el obligatorio cumplimiento de medidas de bioseguridad y la necesidad de acatar el mencionado decreto, el cual proh\u00edbe, a partir de las 9:00 de la noche, salvo las excepciones de ley, el tr\u00e1fico de \u00a0veh\u00edculos particulares y transe\u00fantes por la v\u00eda publica.<\/p>\n\n\n\n<p>El gobierno municipal del alcalde Vidal, conjuntamente con las autoridades sanitarias, adelant\u00f3 desde el 30 de agosto hasta el pasado s\u00e1bado 4 de septiembre, en el Centro de Diagn\u00f3stico Integral Hermanos Petit en Soledad, el plan de vacunaci\u00f3n masiva contra el Covid-19, sin previa cita, con la aplicaci\u00f3n de la primera dosis de la \u00a0vacuna china Sinopharm a los \u00a0adultos mayores de 60 a\u00f1os.<\/p>\n\n\n\n<p>Ahora, en la presente semana de d\u00edas de cuidados radicales, a partir del lunes 5 de septiembre, en horario de 7:30 a.m. hasta las 2:00 de la tarde, en el citado centro de atenci\u00f3n a la salud, en la continuaci\u00f3n del plan se aplica la vacuna a las personas mayores de 50 a\u00f1os de eda. <\/p>\n\n\n\n<p> (Prensa Alcald\u00eda de Independencia\/JLS)<\/p>\n\n\n\n<p><\/p>\n","protected":false},"excerpt":{"rendered":"<p>La Alcaldia de Independencia de Anzo\u00e1tegui \u00a0y las autoridades sanitarias siguen adelantando las medidas de prevenci\u00f3n, urgentes y de aplicaci\u00f3n inmediata, as\u00ed como el plan de vacunaci\u00f3n masiva contra el Covid-19, en el marco del decreto que \u00a0promulg\u00f3 en agosto el alcalde Carlos Vidal en defensa de la salud p\u00fablica, frente al aumento de casos [&hellip;]<\/p>\n","protected":false},"author":2,"featured_media":198226,"comment_status":"closed","ping_status":"closed","sticky":false,"template":"","format":"standard","meta":{"footnotes":""},"categories":[5,12],"tags":[],"class_list":{"0":"post-198225","1":"post","2":"type-post","3":"status-publish","4":"format-standard","5":"has-post-thumbnail","7":"category-destacado","8":"category-regionales"},"_links":{"self":[{"href":"https:\/\/elluchador.info\/index.php?rest_route=\/wp\/v2\/posts\/198225","targetHints":{"allow":["GET"]}}],"collection":[{"href":"https:\/\/elluchador.info\/index.php?rest_route=\/wp\/v2\/posts"}],"about":[{"href":"https:\/\/elluchador.info\/index.php?rest_route=\/wp\/v2\/types\/post"}],"author":[{"embeddable":true,"href":"https:\/\/elluchador.info\/index.php?rest_route=\/wp\/v2\/users\/2"}],"replies":[{"embeddable":true,"href":"https:\/\/elluchador.info\/index.php?rest_route=%2Fwp%2Fv2%2Fcomments&post=198225"}],"version-history":[{"count":1,"href":"https:\/\/elluchador.info\/index.php?rest_route=\/wp\/v2\/posts\/198225\/revisions"}],"predecessor-version":[{"id":198227,"href":"https:\/\/elluchador.info\/index.php?rest_route=\/wp\/v2\/posts\/198225\/revisions\/198227"}],"wp:featuredmedia":[{"embeddable":true,"href":"https:\/\/elluchador.info\/index.php?rest_route=\/wp\/v2\/media\/198226"}],"wp:attachment":[{"href":"https:\/\/elluchador.info\/index.php?rest_route=%2Fwp%2Fv2%2Fmedia&parent=198225"}],"wp:term":[{"taxonomy":"category","embeddable":true,"href":"https:\/\/elluchador.info\/index.php?rest_route=%2Fwp%2Fv2%2Fcategories&post=198225"},{"taxonomy":"post_tag","embeddable":true,"href":"https:\/\/elluchador.info\/index.php?rest_route=%2Fwp%2Fv2%2Ftags&post=198225"}],"curies":[{"name":"wp","href":"https:\/\/api.w.org\/{rel}","templated":true}]}}