{"id":198236,"date":"2021-09-06T16:47:22","date_gmt":"2021-09-06T20:47:22","guid":{"rendered":"https:\/\/elluchador.info\/web\/?p=198236"},"modified":"2021-09-06T16:47:24","modified_gmt":"2021-09-06T20:47:24","slug":"jose-iglesias-firmo-con-los-medias-rojas-de-boston","status":"publish","type":"post","link":"https:\/\/elluchador.info\/?p=198236","title":{"rendered":"Jos\u00e9 Iglesias firm\u00f3 con los Medias Rojas de Boston"},"content":{"rendered":"\n<p>CARACAS.-&nbsp;<strong>Los Medias Rojas de Boston tuvieron otro reencuentro este lunes, al firmar al infielder cubano Jos\u00e9 Iglesias, quien fue agregado al roster del equipo grande.<\/strong><\/p>\n\n\n\n<p>Este \u00faltimo movimiento de los Patirrojos llega tres semanas despu\u00e9s de que agregaron a otro jugador que fue parte de la organizaci\u00f3n \u2014 el infielder Travis Shaw \u2014 para otra estad\u00eda con el club.<\/p>\n\n\n\n<p>El regreso de Iglesias, quien fue dado de baja por los Angelinos el viernes pasado, ocurre en un momento en el que Boston ha visto a una ola de jugadores pasar a la lista de inhabilitados por COVID-19. El equipo se vio obligado a agregar a Iglesias debido a que el torpedero Xander Bogaerts pas\u00f3 a dicha lista.<\/p>\n\n\n\n<p>Iglesias firm\u00f3 con los Medias Rojas como agente libre internacional en el 2009. Fue parte del cambio entre tres equipos con los Tigres y Medias Blancas que envi\u00f3 al abridor Jake Peavy a Boston el 30 de julio del 2013 antes de ayudar a los Patirrojos a conquistar la Serie Mundial ese mismo a\u00f1o.<\/p>\n\n\n\n<p>Uni\u00f3n Radio <a href=\"https:\/\/unionradio.net\/davinson-sanchez-sera-baja-en-colombia-ante-chile\/\"><\/a><\/p>\n","protected":false},"excerpt":{"rendered":"<p>CARACAS.-&nbsp;Los Medias Rojas de Boston tuvieron otro reencuentro este lunes, al firmar al infielder cubano Jos\u00e9 Iglesias, quien fue agregado al roster del equipo grande. Este \u00faltimo movimiento de los Patirrojos llega tres semanas despu\u00e9s de que agregaron a otro jugador que fue parte de la organizaci\u00f3n \u2014 el infielder Travis Shaw \u2014 para otra [&hellip;]<\/p>\n","protected":false},"author":2,"featured_media":84431,"comment_status":"closed","ping_status":"closed","sticky":false,"template":"","format":"standard","meta":{"footnotes":""},"categories":[4,5],"tags":[],"class_list":{"0":"post-198236","1":"post","2":"type-post","3":"status-publish","4":"format-standard","5":"has-post-thumbnail","7":"category-deportes","8":"category-destacado"},"_links":{"self":[{"href":"https:\/\/elluchador.info\/index.php?rest_route=\/wp\/v2\/posts\/198236","targetHints":{"allow":["GET"]}}],"collection":[{"href":"https:\/\/elluchador.info\/index.php?rest_route=\/wp\/v2\/posts"}],"about":[{"href":"https:\/\/elluchador.info\/index.php?rest_route=\/wp\/v2\/types\/post"}],"author":[{"embeddable":true,"href":"https:\/\/elluchador.info\/index.php?rest_route=\/wp\/v2\/users\/2"}],"replies":[{"embeddable":true,"href":"https:\/\/elluchador.info\/index.php?rest_route=%2Fwp%2Fv2%2Fcomments&post=198236"}],"version-history":[{"count":1,"href":"https:\/\/elluchador.info\/index.php?rest_route=\/wp\/v2\/posts\/198236\/revisions"}],"predecessor-version":[{"id":198237,"href":"https:\/\/elluchador.info\/index.php?rest_route=\/wp\/v2\/posts\/198236\/revisions\/198237"}],"wp:featuredmedia":[{"embeddable":true,"href":"https:\/\/elluchador.info\/index.php?rest_route=\/wp\/v2\/media\/84431"}],"wp:attachment":[{"href":"https:\/\/elluchador.info\/index.php?rest_route=%2Fwp%2Fv2%2Fmedia&parent=198236"}],"wp:term":[{"taxonomy":"category","embeddable":true,"href":"https:\/\/elluchador.info\/index.php?rest_route=%2Fwp%2Fv2%2Fcategories&post=198236"},{"taxonomy":"post_tag","embeddable":true,"href":"https:\/\/elluchador.info\/index.php?rest_route=%2Fwp%2Fv2%2Ftags&post=198236"}],"curies":[{"name":"wp","href":"https:\/\/api.w.org\/{rel}","templated":true}]}}