{"id":198238,"date":"2021-09-06T16:56:11","date_gmt":"2021-09-06T20:56:11","guid":{"rendered":"https:\/\/elluchador.info\/web\/?p=198238"},"modified":"2021-09-06T16:56:12","modified_gmt":"2021-09-06T20:56:12","slug":"oms-declara-a-la-nueva-variante-colombiana-mu","status":"publish","type":"post","link":"https:\/\/elluchador.info\/?p=198238","title":{"rendered":"OMS declara a la nueva variante colombiana \u2018mu\u2019"},"content":{"rendered":"\n<p>Desde su primera identificaci\u00f3n en Colombia en enero de 2021, se han presentado algunos informes espor\u00e1dicos de casos de la variante\u00a0mu, al tiempo que surg\u00eda informaci\u00f3n sobre algunos brotes m\u00e1s grandes en otros pa\u00edses de Am\u00e9rica del Sur y Europa.<\/p>\n\n\n\n<p>Seg\u00fan la \u00faltima ronda de evaluaciones de la Organizaci\u00f3n Mundial de la Salud (OMS), la variante\u00a0B.1.621\u00a0se clasific\u00f3 como\u00a0VOI (una variante de inter\u00e9s) el 30 de agosto de 2021\u00a0y recibi\u00f3 la etiqueta de la OMS\u00a0\u00abmu\u00ab.<\/p>\n\n\n\n<p>Esta variante se conoce como 21H en la nomenclatura de Nextstrain, su el linaje descendiente es Pango B.1.621.1.\u00a0La cepa mu tiene una constelaci\u00f3n de mutaciones que indican propiedades potenciales de escape inmunol\u00f3gico.<\/p>\n\n\n\n<p>Los datos preliminares env\u00edan al Grupo de Trabajo de Evoluci\u00f3n del Virus de la OMS muestra\u00a0una reducci\u00f3n en la capacidad de neutralizaci\u00f3n de los sueros de convalecientes y vacunados similar a la observada para la variante beta, aunque esto a\u00fan debe ser confirmado por m\u00e1s estudios.<\/p>\n\n\n\n<p>En la edici\u00f3n 55 de la actualizaci\u00f3n epidemiol\u00f3gica semanal sobre Covid-19 de la OMS, al 29 de agosto, m\u00e1s de 4.500 secuencias (3794 secuencias de B.1.621 y 856 secuencias de B.1.621.1) se han cargado en GISAID desde 39 pa\u00edses.<\/p>\n\n\n\n<p>Aunque la prevalencia global de la variante mu entre los casos secuenciados ha disminuido y actualmente se encuentra por debajo del 0,1%, la prevalencia en Colombia (39%) y Ecuador (13%) ha aumentado constantemente.<\/p>\n\n\n\n<p>La prevalencia notificada debe interpretarse debidamente al tomar en cuenta las capacidades de secuenciaci\u00f3n y la oportunidad de compartir secuencias, las diferencias entre pa\u00edses, por ello el organismo sanitario mundial asegur\u00f3 que \u00abse requieren estudios para comprender las caracter\u00edsticas fenot\u00edpicas y cl\u00ednicas de esta variante\u00bb.<\/p>\n\n\n\n<p>Al respecto, la OMS agreg\u00f3 que \u00aba medida que se comprendan mejor los riesgos para la salud p\u00fablica mundial que plantean las variantes espec\u00edficas del SARS-CoV-2, se seguir\u00e1 actualizando la lista de VOI y COV mundiales para respaldar el establecimiento de prioridades para la vigilancia, la investigaci\u00f3n y, en \u00faltima instancia, para orientar las estrategias de respuesta\u00bb.<\/p>\n\n\n\n<p>Las actualizaciones reflejan la evoluci\u00f3n del virus y la aparici\u00f3n de nuevas variantes, la epidemiolog\u00eda cambiante, as\u00ed como nuestra comprensi\u00f3n en la evoluci\u00f3n de los impactos fenot\u00edpicos de las variantes a medida que se dispone de nueva evidencia.<\/p>\n\n\n\n<p>El organismo puede reclasificar una alerta previamente designada para un seguimiento adicional que posteriormente cumpla con la definici\u00f3n de trabajo de la OMS de una variante de inter\u00e9s (VOI) o una variante de preocupaci\u00f3n (VOC).<\/p>\n\n\n\n<p>Una variante del SARS-CoV-2 que cumple con la definici\u00f3n de un VOI se ha demostrado que est\u00e1 asociada con los siguientes cambios en un grado de importancia para la salud p\u00fablica mundial:\u00a0aumento de la transmisibilidad o cambio perjudicial en la epidemiolog\u00eda de COVID-19;\u00a0aumento de la virulencia o cambio en la presentaci\u00f3n cl\u00ednica de la enfermedad;\u00a0o disminuci\u00f3n de la eficacia de las medidas sociales y de salud p\u00fablica o de los diagn\u00f3sticos, vacunas y terap\u00e9uticas disponibles.\u00a0<\/p>\n\n\n\n<p>En este rengl\u00f3n se ubican las variantes con la etiqueta alfa, beta, gamma y delta, y sus linajes descendientes.<\/p>\n\n\n\n<p>Mientras que para las variantes de inter\u00e9s (VOI), que guardan cambios gen\u00e9ticos que se predice o se sabe que afecta las caracter\u00edsticas del virus, tales como transmisibilidad, gravedad de la enfermedad, escape inmunol\u00f3gico, escape diagn\u00f3stico o terap\u00e9utico;&nbsp;y que se han identificado por causar una transmisi\u00f3n comunitaria significativa o m\u00faltiples grupos de Covid-19, en varios pa\u00edses con una prevalencia relativa creciente junto con un n\u00famero creciente de casos a lo largo del tiempo, u otros impactos epidemiol\u00f3gicos aparentes que sugiero un riesgo emergente para la salud p\u00fablica mundial, se han clasificado bajo las etiquetas: eta, iota, kappa, lambda y mu, que tambi\u00e9n incluyen todos los linajes descendientes.<\/p>\n\n\n\n<p>Los sistemas de nomenclatura establecidos para nombrar y rastrear los linajes gen\u00e9ticos del SARS-CoV-2, siguen utilizando c\u00edrculos cient\u00edficos como son la iniciativa global sobre compartir todos los datos sobre la influenza (GISAID, por sus siglas en ingles), e investigadores de Nextstrain y Pango.<\/p>\n\n\n\n<p>Con el fin de contribuir a los debates p\u00fablicos sobre las variantes, la OMS convoc\u00f3 a algunos cient\u00edficos del Grupo de trabajo sobre la evoluci\u00f3n del virus;&nbsp;as\u00ed como, de la Red de Laboratorios de Referencia para el Coid-19, y representantes de GISAID, Nextstrain y Pango, que junto a otros expertos en nomenclatura virol\u00f3gica y microbiana y en materia de comunicaci\u00f3n de varios pa\u00edses y organismos, se les encarg\u00f3 que buscaran denominaciones para los VOI y los VOC que sean f\u00e1ciles de pronunciar y no generasen estigmas.<\/p>\n\n\n\n<p>Por el momento,\u00a0\u00a0este grupo de expertos convocado por la OMS ha recomendado el uso de denominaciones basadas en las letras del alfabeto griego, que ser\u00e1n m\u00e1s f\u00e1ciles de usar y m\u00e1s pr\u00e1cticas para los debates del p\u00fablico no cient\u00edfico.<\/p>\n\n\n\n<p>Banca y Negocio <\/p>\n","protected":false},"excerpt":{"rendered":"<p>Desde su primera identificaci\u00f3n en Colombia en enero de 2021, se han presentado algunos informes espor\u00e1dicos de casos de la variante\u00a0mu, al tiempo que surg\u00eda informaci\u00f3n sobre algunos brotes m\u00e1s grandes en otros pa\u00edses de Am\u00e9rica del Sur y Europa. Seg\u00fan la \u00faltima ronda de evaluaciones de la Organizaci\u00f3n Mundial de la Salud (OMS), la [&hellip;]<\/p>\n","protected":false},"author":2,"featured_media":195067,"comment_status":"closed","ping_status":"closed","sticky":false,"template":"","format":"standard","meta":{"footnotes":""},"categories":[5,19],"tags":[],"class_list":{"0":"post-198238","1":"post","2":"type-post","3":"status-publish","4":"format-standard","5":"has-post-thumbnail","7":"category-destacado","8":"category-salud"},"_links":{"self":[{"href":"https:\/\/elluchador.info\/index.php?rest_route=\/wp\/v2\/posts\/198238","targetHints":{"allow":["GET"]}}],"collection":[{"href":"https:\/\/elluchador.info\/index.php?rest_route=\/wp\/v2\/posts"}],"about":[{"href":"https:\/\/elluchador.info\/index.php?rest_route=\/wp\/v2\/types\/post"}],"author":[{"embeddable":true,"href":"https:\/\/elluchador.info\/index.php?rest_route=\/wp\/v2\/users\/2"}],"replies":[{"embeddable":true,"href":"https:\/\/elluchador.info\/index.php?rest_route=%2Fwp%2Fv2%2Fcomments&post=198238"}],"version-history":[{"count":1,"href":"https:\/\/elluchador.info\/index.php?rest_route=\/wp\/v2\/posts\/198238\/revisions"}],"predecessor-version":[{"id":198239,"href":"https:\/\/elluchador.info\/index.php?rest_route=\/wp\/v2\/posts\/198238\/revisions\/198239"}],"wp:featuredmedia":[{"embeddable":true,"href":"https:\/\/elluchador.info\/index.php?rest_route=\/wp\/v2\/media\/195067"}],"wp:attachment":[{"href":"https:\/\/elluchador.info\/index.php?rest_route=%2Fwp%2Fv2%2Fmedia&parent=198238"}],"wp:term":[{"taxonomy":"category","embeddable":true,"href":"https:\/\/elluchador.info\/index.php?rest_route=%2Fwp%2Fv2%2Fcategories&post=198238"},{"taxonomy":"post_tag","embeddable":true,"href":"https:\/\/elluchador.info\/index.php?rest_route=%2Fwp%2Fv2%2Ftags&post=198238"}],"curies":[{"name":"wp","href":"https:\/\/api.w.org\/{rel}","templated":true}]}}