{"id":198246,"date":"2021-09-06T17:19:22","date_gmt":"2021-09-06T21:19:22","guid":{"rendered":"https:\/\/elluchador.info\/web\/?p=198246"},"modified":"2021-09-06T17:19:24","modified_gmt":"2021-09-06T21:19:24","slug":"cuba-es-el-primer-pais-en-vacunar-a-menores-desde-los-dos-anos","status":"publish","type":"post","link":"https:\/\/elluchador.info\/?p=198246","title":{"rendered":"Cuba es el primer pa\u00eds en vacunar a menores desde los dos a\u00f1os"},"content":{"rendered":"\n<p>El esquema aplicado en la prueba incluy\u00f3 dos dosis de Soberana 02 con intervalo de 28 d\u00edas, adem\u00e1s, una dosis adicional de Soberana Plus en el d\u00eda 56. El medicamento mostr\u00f3 un 91,2% de eficacia contra la enfermedad sintom\u00e1tica en su an\u00e1lisis de la fase III.<br>La inmunizaci\u00f3n de los menores desde los 2 a los 18 a\u00f1os inici\u00f3 el viernes 3 de septiembre, y coincide con la reanudaci\u00f3n del ciclo escolar 2020-2021, que se da de forma virtual.<\/p>\n\n\n\n<p>Las inoculaciones, que se realizan con la vacuna Soberana 02, iniciaron este 3 de septiembre. Adem\u00e1s, el programa de vacunaci\u00f3n se da en el marco del regreso al curso escolar a partir del 6 de septiembre.<\/p>\n\n\n\n<p>Es el primer pa\u00eds del mundo en empezar a vacunar a su poblaci\u00f3n desde los dos a\u00f1os de edad y, adem\u00e1s, lo hace con un f\u00e1rmaco producido de forma local, pues el Gobierno de la isla se neg\u00f3 a adquirir vacunas internacionales. En Cuba, las inoculaciones contra el Covid-19 de ni\u00f1os y adolescentes de entre 2 y 18 a\u00f1os ya son una realidad, con Soberana 02, rese\u00f1\u00f3 EFE.<\/p>\n\n\n\n<p>El Centro para el Control Estatal de Medicamentos, Equipos y Dispositivos M\u00e9dicos (Cecmed) dio luz verde al uso en emergencia de este medicamento para inmunizar a la poblaci\u00f3n infantil. Olga Lidia Jacobo, directora de la autoridad reguladora cubana explic\u00f3 que la aprobaci\u00f3n se produce despu\u00e9s de un proceso de evaluaci\u00f3n \u00abmuy riguroso\u00bb.<br>En el estudio del Instituto Finlay de Vacunas, que desarroll\u00f3 el f\u00e1rmaco, estuvieron 350 participantes entre los 3 y los 18 a\u00f1os. Tras los resultados finales, el ente determin\u00f3 que \u00abconforme a lo dispuesto en las regulaciones y disposiciones vigentes (\u2026) se ha demostrado que (Soberana 02) cumple con los requisitos exigidos en cuanto a calidad, seguridad e inmunogenicidad para este grupo poblacional\u00bb.<\/p>\n\n\n\n<p>Representantes del Ministerio de Salud indicaron que la campa\u00f1a pedi\u00e1trica debe finalizar el pr\u00f3ximo 15 de noviembre y se realizar\u00e1 de forma \u00abgradual\u00bb e \u00abintensiva\u00bb. La estrategia forma parte de los planes del Gobierno, que busca llegar a noviembre con un 92,6% de la poblaci\u00f3n vacunada. As\u00ed lo indic\u00f3 el Ejecutivo de Miguel D\u00edaz-Canel en un comunicado.<\/p>\n\n\n\n<p>Hasta el momento, alrededor de cuatro millones de cubanos, de un total de 11,2 millones, ya han recibido las tres dosis de Soberana 02 y Soberana Plus como refuerzo.<br>Las vacunas cubanas, sin autorizaci\u00f3n de la OMS, no pueden distribuirse en el continente<\/p>\n\n\n\n<p>La Organizaci\u00f3n Panamericana de la Salud record\u00f3 que las vacunas contra el Covid-19 desarrolladas por Cuba no tienen autorizaci\u00f3n de uso de emergencia de la Organizaci\u00f3n Mundial de la Salud, por lo que no pueden ser adquiridas por otros pa\u00edses.<\/p>\n\n\n\n<p>El subdirector del organismo, Jarbas Barbosa, record\u00f3 que tanto Abdala como Soberana deben recibir el aval antes de que puedan ser suministradas por el fondo rotatorio de la OPS que apoya el acceso equitativo a las vacunas a trav\u00e9s del mecanismo Covax.<\/p>\n\n\n\n<p>No obstante, Venezuela aplica desde julio las dosis de Abdala, luego de que el Ejecutivo de Cuba enviara los cargamentos hasta Caracas. Esto, pese a que la Academia de Medicina Venezolana, la ONG M\u00e9dicos Unidos por Venezuela y la Asociaci\u00f3n de Investigadores del Instituto Venezolano de Investigaciones Cient\u00edficas indicar\u00e1n su \u00abpreocupaci\u00f3n\u00bb pues consideraron que el f\u00e1rmaco tiene una \u00abdudosa credibilidad cient\u00edfica\u00bb.\u00a0<\/p>\n\n\n\n<p><strong> EFE<\/strong><\/p>\n","protected":false},"excerpt":{"rendered":"<p>El esquema aplicado en la prueba incluy\u00f3 dos dosis de Soberana 02 con intervalo de 28 d\u00edas, adem\u00e1s, una dosis adicional de Soberana Plus en el d\u00eda 56. El medicamento mostr\u00f3 un 91,2% de eficacia contra la enfermedad sintom\u00e1tica en su an\u00e1lisis de la fase III.La inmunizaci\u00f3n de los menores desde los 2 a los [&hellip;]<\/p>\n","protected":false},"author":2,"featured_media":185216,"comment_status":"closed","ping_status":"closed","sticky":false,"template":"","format":"standard","meta":{"footnotes":""},"categories":[5,8],"tags":[],"class_list":{"0":"post-198246","1":"post","2":"type-post","3":"status-publish","4":"format-standard","5":"has-post-thumbnail","7":"category-destacado","8":"category-internacionales"},"_links":{"self":[{"href":"https:\/\/elluchador.info\/index.php?rest_route=\/wp\/v2\/posts\/198246","targetHints":{"allow":["GET"]}}],"collection":[{"href":"https:\/\/elluchador.info\/index.php?rest_route=\/wp\/v2\/posts"}],"about":[{"href":"https:\/\/elluchador.info\/index.php?rest_route=\/wp\/v2\/types\/post"}],"author":[{"embeddable":true,"href":"https:\/\/elluchador.info\/index.php?rest_route=\/wp\/v2\/users\/2"}],"replies":[{"embeddable":true,"href":"https:\/\/elluchador.info\/index.php?rest_route=%2Fwp%2Fv2%2Fcomments&post=198246"}],"version-history":[{"count":1,"href":"https:\/\/elluchador.info\/index.php?rest_route=\/wp\/v2\/posts\/198246\/revisions"}],"predecessor-version":[{"id":198247,"href":"https:\/\/elluchador.info\/index.php?rest_route=\/wp\/v2\/posts\/198246\/revisions\/198247"}],"wp:featuredmedia":[{"embeddable":true,"href":"https:\/\/elluchador.info\/index.php?rest_route=\/wp\/v2\/media\/185216"}],"wp:attachment":[{"href":"https:\/\/elluchador.info\/index.php?rest_route=%2Fwp%2Fv2%2Fmedia&parent=198246"}],"wp:term":[{"taxonomy":"category","embeddable":true,"href":"https:\/\/elluchador.info\/index.php?rest_route=%2Fwp%2Fv2%2Fcategories&post=198246"},{"taxonomy":"post_tag","embeddable":true,"href":"https:\/\/elluchador.info\/index.php?rest_route=%2Fwp%2Fv2%2Ftags&post=198246"}],"curies":[{"name":"wp","href":"https:\/\/api.w.org\/{rel}","templated":true}]}}