{"id":198250,"date":"2021-09-06T17:47:34","date_gmt":"2021-09-06T21:47:34","guid":{"rendered":"https:\/\/elluchador.info\/web\/?p=198250"},"modified":"2021-09-06T17:47:35","modified_gmt":"2021-09-06T21:47:35","slug":"abriran-corredor-estudiantil-en-la-frontera-con-colombia-por-clases-presenciales","status":"publish","type":"post","link":"https:\/\/elluchador.info\/?p=198250","title":{"rendered":"Abrir\u00e1n corredor estudiantil en la frontera con Colombia por clases presenciales"},"content":{"rendered":"\n<p>William G\u00f3mez, alcalde del municipio Bol\u00edvar del estado T\u00e1chira, anunci\u00f3 que se establecer\u00e1 un corredor de bioprotecci\u00f3n estudiantil en la frontera con Colombia, debido a que en las pr\u00f3ximas semanas comenzar\u00e1n las clases presenciales.<\/p>\n\n\n\n<p>\u00abM\u00e1s de 4.500 estudiantes de nacionalidad tanto venezolana como colombiana que hacen su escolaridad en territorio colombiano y que residen en los municipios San Antonio,\u00a0 Ure\u00f1a, Garc\u00eda de Hevia y en Rafael Urdaneta en los pr\u00f3ximos d\u00edas comenzar\u00e1n clases presenciales\u00bb, dijo a\u00a0Uni\u00f3n Radio.<\/p>\n\n\n\n<p>Destac\u00f3 que para permitir el tr\u00e1nsito de alumnos que deben cruzar la frontera para acudir a sus clases, es necesario que se cumplan protocolos para evitar la expansi\u00f3n del covid-19 en la zona.<\/p>\n\n\n\n<p>Por tal raz\u00f3n, parte del dise\u00f1\u00f3 del corredor estudiantil incluye una jornada especial de vacunaci\u00f3n en el lado venezolano \u00fanicamente para los padres de esos estudiantes que deben cruzar la frontera.<\/p>\n\n\n\n<p>Explic\u00f3 que ese acuerdo se lleg\u00f3 en la reuni\u00f3n que mantuvo Freddy Bernal, protector del estado T\u00e1chira, con autoridades colombianas la semana pasada.<\/p>\n\n\n\n<p>No obstante, dijo que todav\u00eda se est\u00e1 analizando c\u00f3mo aplicarlo, por lo que no ofreci\u00f3 fechas concretas.<\/p>\n\n\n\n<p>El Nacional <\/p>\n","protected":false},"excerpt":{"rendered":"<p>William G\u00f3mez, alcalde del municipio Bol\u00edvar del estado T\u00e1chira, anunci\u00f3 que se establecer\u00e1 un corredor de bioprotecci\u00f3n estudiantil en la frontera con Colombia, debido a que en las pr\u00f3ximas semanas comenzar\u00e1n las clases presenciales. \u00abM\u00e1s de 4.500 estudiantes de nacionalidad tanto venezolana como colombiana que hacen su escolaridad en territorio colombiano y que residen en [&hellip;]<\/p>\n","protected":false},"author":2,"featured_media":179627,"comment_status":"closed","ping_status":"closed","sticky":false,"template":"","format":"standard","meta":{"footnotes":""},"categories":[5,8],"tags":[],"class_list":{"0":"post-198250","1":"post","2":"type-post","3":"status-publish","4":"format-standard","5":"has-post-thumbnail","7":"category-destacado","8":"category-internacionales"},"_links":{"self":[{"href":"https:\/\/elluchador.info\/index.php?rest_route=\/wp\/v2\/posts\/198250","targetHints":{"allow":["GET"]}}],"collection":[{"href":"https:\/\/elluchador.info\/index.php?rest_route=\/wp\/v2\/posts"}],"about":[{"href":"https:\/\/elluchador.info\/index.php?rest_route=\/wp\/v2\/types\/post"}],"author":[{"embeddable":true,"href":"https:\/\/elluchador.info\/index.php?rest_route=\/wp\/v2\/users\/2"}],"replies":[{"embeddable":true,"href":"https:\/\/elluchador.info\/index.php?rest_route=%2Fwp%2Fv2%2Fcomments&post=198250"}],"version-history":[{"count":1,"href":"https:\/\/elluchador.info\/index.php?rest_route=\/wp\/v2\/posts\/198250\/revisions"}],"predecessor-version":[{"id":198251,"href":"https:\/\/elluchador.info\/index.php?rest_route=\/wp\/v2\/posts\/198250\/revisions\/198251"}],"wp:featuredmedia":[{"embeddable":true,"href":"https:\/\/elluchador.info\/index.php?rest_route=\/wp\/v2\/media\/179627"}],"wp:attachment":[{"href":"https:\/\/elluchador.info\/index.php?rest_route=%2Fwp%2Fv2%2Fmedia&parent=198250"}],"wp:term":[{"taxonomy":"category","embeddable":true,"href":"https:\/\/elluchador.info\/index.php?rest_route=%2Fwp%2Fv2%2Fcategories&post=198250"},{"taxonomy":"post_tag","embeddable":true,"href":"https:\/\/elluchador.info\/index.php?rest_route=%2Fwp%2Fv2%2Ftags&post=198250"}],"curies":[{"name":"wp","href":"https:\/\/api.w.org\/{rel}","templated":true}]}}