{"id":198254,"date":"2021-09-06T17:55:33","date_gmt":"2021-09-06T21:55:33","guid":{"rendered":"https:\/\/elluchador.info\/web\/?p=198254"},"modified":"2021-09-06T17:55:35","modified_gmt":"2021-09-06T21:55:35","slug":"el-saime-mantiene-tramites-de-cedulacion-durante-esta-semana-radical","status":"publish","type":"post","link":"https:\/\/elluchador.info\/?p=198254","title":{"rendered":"El Saime mantiene tr\u00e1mites de cedulaci\u00f3n durante esta semana radical"},"content":{"rendered":"\n<p>El\u00a0Servicio Administrativo de Identificaci\u00f3n, Migraci\u00f3n y Extranjer\u00eda\u00a0(Saime), record\u00f3 este lunes que mantiene abiertas sus oficinas en todo el territorio nacional para la tramitaci\u00f3n de c\u00e9dulas de identidad y de pasaportes.<\/p>\n\n\n\n<p>Esto, pese a la entrada en vigor de la semana de cuarentena radical, de acuerdo con el esquema 7+7, aunque ahora el gobierno de Nicol\u00e1s Maduro denomina a estos confinamientos como \u00absiete d\u00edas de cuidados especiales\u00bb.<\/p>\n\n\n\n<p>Pro meses, la instituci\u00f3n de identificaci\u00f3n y extranjer\u00eda mantuvo sus operaciones en funci\u00f3n del esquema de intermitencia 7+7. Es decir, que solo se abr\u00edan las oficinas durante las llamadas semanas flexibles, a lo que segu\u00eda una suspensi\u00f3n de la atenci\u00f3n al p\u00fablico en las radicales.<\/p>\n\n\n\n<p>Sin embargo, a partir del primer trimestre del a\u00f1o, se comenz\u00f3 a mantener abiertas las distintas sedes solo para la tramitaci\u00f3n de c\u00e9dulas de identidad, como parte de la jornada de cedulaci\u00f3n electoral, ante los comicios regionales y municipales que est\u00e1n previstos para el 21 de noviembre.<\/p>\n\n\n\n<p>Mientras tanto, las citas por pasaportes solo se atend\u00edan en semanas flexibles.<\/p>\n\n\n\n<p>Saime<\/p>\n","protected":false},"excerpt":{"rendered":"<p>El\u00a0Servicio Administrativo de Identificaci\u00f3n, Migraci\u00f3n y Extranjer\u00eda\u00a0(Saime), record\u00f3 este lunes que mantiene abiertas sus oficinas en todo el territorio nacional para la tramitaci\u00f3n de c\u00e9dulas de identidad y de pasaportes. Esto, pese a la entrada en vigor de la semana de cuarentena radical, de acuerdo con el esquema 7+7, aunque ahora el gobierno de Nicol\u00e1s [&hellip;]<\/p>\n","protected":false},"author":2,"featured_media":194061,"comment_status":"closed","ping_status":"closed","sticky":false,"template":"","format":"standard","meta":{"footnotes":""},"categories":[5,9],"tags":[],"class_list":{"0":"post-198254","1":"post","2":"type-post","3":"status-publish","4":"format-standard","5":"has-post-thumbnail","7":"category-destacado","8":"category-nacionales"},"_links":{"self":[{"href":"https:\/\/elluchador.info\/index.php?rest_route=\/wp\/v2\/posts\/198254","targetHints":{"allow":["GET"]}}],"collection":[{"href":"https:\/\/elluchador.info\/index.php?rest_route=\/wp\/v2\/posts"}],"about":[{"href":"https:\/\/elluchador.info\/index.php?rest_route=\/wp\/v2\/types\/post"}],"author":[{"embeddable":true,"href":"https:\/\/elluchador.info\/index.php?rest_route=\/wp\/v2\/users\/2"}],"replies":[{"embeddable":true,"href":"https:\/\/elluchador.info\/index.php?rest_route=%2Fwp%2Fv2%2Fcomments&post=198254"}],"version-history":[{"count":1,"href":"https:\/\/elluchador.info\/index.php?rest_route=\/wp\/v2\/posts\/198254\/revisions"}],"predecessor-version":[{"id":198255,"href":"https:\/\/elluchador.info\/index.php?rest_route=\/wp\/v2\/posts\/198254\/revisions\/198255"}],"wp:featuredmedia":[{"embeddable":true,"href":"https:\/\/elluchador.info\/index.php?rest_route=\/wp\/v2\/media\/194061"}],"wp:attachment":[{"href":"https:\/\/elluchador.info\/index.php?rest_route=%2Fwp%2Fv2%2Fmedia&parent=198254"}],"wp:term":[{"taxonomy":"category","embeddable":true,"href":"https:\/\/elluchador.info\/index.php?rest_route=%2Fwp%2Fv2%2Fcategories&post=198254"},{"taxonomy":"post_tag","embeddable":true,"href":"https:\/\/elluchador.info\/index.php?rest_route=%2Fwp%2Fv2%2Ftags&post=198254"}],"curies":[{"name":"wp","href":"https:\/\/api.w.org\/{rel}","templated":true}]}}